{"id":361,"date":"2025-07-22T08:35:18","date_gmt":"2025-07-22T11:35:18","guid":{"rendered":"https:\/\/auditar.com.br\/?p=361"},"modified":"2025-09-29T16:03:17","modified_gmt":"2025-09-29T19:03:17","slug":"multas-do-esocial-para-sst-novos-valores-e-o-que-muda-na-sua-rotina","status":"publish","type":"post","link":"https:\/\/auditar.com.br\/index.php\/2025\/07\/22\/multas-do-esocial-para-sst-novos-valores-e-o-que-muda-na-sua-rotina\/","title":{"rendered":"Multas do eSocial para SST: Novos Valores e O que Muda na Sua Rotina"},"content":{"rendered":"<div class=\"wp-block-image\">\n<figure class=\"aligncenter size-large is-resized\"><img fetchpriority=\"high\" decoding=\"async\" width=\"1024\" height=\"683\" src=\"https:\/\/auditar.com.br\/wp-content\/uploads\/2025\/07\/ChatGPT-Image-22-de-jul.-de-2025-08_35_07-1024x683.png\" alt=\"\" class=\"wp-image-363\" style=\"width:534px;height:auto\" srcset=\"https:\/\/auditar.com.br\/wp-content\/uploads\/2025\/07\/ChatGPT-Image-22-de-jul.-de-2025-08_35_07-1024x683.png 1024w, https:\/\/auditar.com.br\/wp-content\/uploads\/2025\/07\/ChatGPT-Image-22-de-jul.-de-2025-08_35_07-300x200.png 300w, https:\/\/auditar.com.br\/wp-content\/uploads\/2025\/07\/ChatGPT-Image-22-de-jul.-de-2025-08_35_07-768x512.png 768w, https:\/\/auditar.com.br\/wp-content\/uploads\/2025\/07\/ChatGPT-Image-22-de-jul.-de-2025-08_35_07.png 1536w\" sizes=\"(max-width: 1024px) 100vw, 1024px\" \/><\/figure><\/div>\n\n\n<p>A Portaria MTE n\u00ba 1.131\/2025 traz regras mais claras e pesadas para quem n\u00e3o envia corretamente as informa\u00e7\u00f5es de Sa\u00fade e Seguran\u00e7a do Trabalho (SST) no eSocial. A partir de agora, as multas s\u00e3o calculadas com base em duas vari\u00e1veis: valor m\u00ednimo e n\u00famero de trabalhadores afetados, e podem dobrar em casos graves. Veja os principais pontos:<\/p>\n\n\n\n<ol>\n<li><strong>Como s\u00e3o calculadas as multas<\/strong>\n<ul>\n<li><strong>Valor m\u00ednimo<\/strong>: R$ 443,97 por infra\u00e7\u00e3o.<\/li>\n\n\n\n<li><strong>Adicional<\/strong>: R$ 104,31 para cada trabalhador atingido.<\/li>\n\n\n\n<li><strong>Teto<\/strong>: at\u00e9 R$ 44.396,84 por infra\u00e7\u00e3o.<\/li>\n\n\n\n<li><strong>Dobra<\/strong>: em caso de reincid\u00eancia, resist\u00eancia ou desacato \u00e0 fiscaliza\u00e7\u00e3o.<\/li>\n<\/ul>\n<\/li>\n\n\n\n<li><strong>Redu\u00e7\u00e3o para infra\u00e7\u00f5es antigas<\/strong>\n<ul>\n<li>Erros de 1\u00ba de janeiro de 2020 at\u00e9 3 de julho de 2025 t\u00eam desconto de 40% no valor da multa, mesmo sem corre\u00e7\u00e3o espont\u00e2nea.<\/li>\n<\/ul>\n<\/li>\n\n\n\n<li><strong>Impactos nos eventos de SST<\/strong>\n<ul>\n<li><strong>S-2210 (Comunica\u00e7\u00e3o de Acidente de Trabalho \u2013 CAT)<\/strong>\n<ul>\n<li>Falha no envio ou atraso pode gerar at\u00e9 R$ 98.484,45 de multa (valor dobrado se reincidente).<\/li>\n<\/ul>\n<\/li>\n\n\n\n<li><strong>S-2220 (Monitoramento da Sa\u00fade do Trabalhador)<\/strong>\n<ul>\n<li>Omiss\u00e3o dos exames ocupacionais (admissionais, peri\u00f3dicos, demissionais) implica penalidades progressivas.<\/li>\n<\/ul>\n<\/li>\n\n\n\n<li><strong>S-2240 (Condi\u00e7\u00f5es Ambientais de Trabalho \u2013 Fatores de Risco)<\/strong>\n<ul>\n<li>Envio incorreto pode resultar em multas de R$ 3.368,43 a R$ 336.841,70, conforme gravidade e n\u00famero de funcion\u00e1rios.<\/li>\n<\/ul>\n<\/li>\n<\/ul>\n<\/li>\n\n\n\n<li><strong>Outras obriga\u00e7\u00f5es de SST<\/strong>\n<ul>\n<li><strong>PGR (Programa de Gerenciamento de Riscos)<\/strong>: multas de R$ 634,00 a R$ 6.304,00.<\/li>\n\n\n\n<li><strong>PCMSO (Programa de Controle M\u00e9dico de Sa\u00fade Ocupacional)<\/strong>: multas de R$ 378,00 a R$ 3.782,00.<\/li>\n<\/ul>\n<\/li>\n\n\n\n<li><strong>O que fazer agora<\/strong>\n<ul>\n<li>Revise seus processos internos de SST.<\/li>\n\n\n\n<li>Invista em treinamento e sistemas que facilitem o envio correto dos eventos no eSocial.<\/li>\n\n\n\n<li>Monitore prazos e responsabilidades para evitar surpresas financeiras.<\/li>\n<\/ul>\n<\/li>\n<\/ol>\n\n\n\n<p>Manter a conformidade com o eSocial n\u00e3o \u00e9 s\u00f3 cumprir a lei, mas proteger sua equipe e o caixa da empresa.<\/p>\n","protected":false},"excerpt":{"rendered":"<p>A Portaria MTE n\u00ba 1.131\/2025 traz regras mais claras e pesadas para quem n\u00e3o envia corretamente as informa\u00e7\u00f5es de Sa\u00fade e Seguran\u00e7a do Trabalho (SST) no eSocial. A partir de agora, as multas s\u00e3o calculadas com base em duas vari\u00e1veis: valor m\u00ednimo e n\u00famero de trabalhadores afetados, e podem dobrar em casos graves. Veja os [&hellip;]<\/p>\n","protected":false},"author":1,"featured_media":363,"comment_status":"open","ping_status":"open","sticky":false,"template":"","format":"standard","meta":{"footnotes":""},"categories":[12],"tags":[],"acf":[],"yoast_head":"<!-- This site is optimized with the Yoast SEO Premium plugin v20.8 (Yoast SEO v20.8) - https:\/\/yoast.com\/wordpress\/plugins\/seo\/ -->\n<title>Multas do eSocial para SST: Novos Valores e O que Muda na Sua Rotina - Auditar<\/title>\n<meta name=\"robots\" content=\"index, follow, max-snippet:-1, max-image-preview:large, max-video-preview:-1\" \/>\n<link rel=\"canonical\" href=\"https:\/\/auditar.com.br\/index.php\/2025\/07\/22\/multas-do-esocial-para-sst-novos-valores-e-o-que-muda-na-sua-rotina\/\" \/>\n<meta property=\"og:locale\" content=\"pt_BR\" \/>\n<meta property=\"og:type\" content=\"article\" \/>\n<meta property=\"og:title\" content=\"Multas do eSocial para SST: Novos Valores e O que Muda na Sua Rotina\" \/>\n<meta property=\"og:description\" content=\"A Portaria MTE n\u00ba 1.131\/2025 traz regras mais claras e pesadas para quem n\u00e3o envia corretamente as informa\u00e7\u00f5es de Sa\u00fade e Seguran\u00e7a do Trabalho (SST) no eSocial. A partir de agora, as multas s\u00e3o calculadas com base em duas vari\u00e1veis: valor m\u00ednimo e n\u00famero de trabalhadores afetados, e podem dobrar em casos graves. Veja os [&hellip;]\" \/>\n<meta property=\"og:url\" content=\"https:\/\/auditar.com.br\/index.php\/2025\/07\/22\/multas-do-esocial-para-sst-novos-valores-e-o-que-muda-na-sua-rotina\/\" \/>\n<meta property=\"og:site_name\" content=\"Auditar\" \/>\n<meta property=\"article:publisher\" content=\"https:\/\/www.facebook.com\/auditarassessoriaeauditoria\/\" \/>\n<meta property=\"article:published_time\" content=\"2025-07-22T11:35:18+00:00\" \/>\n<meta property=\"article:modified_time\" content=\"2025-09-29T19:03:17+00:00\" \/>\n<meta property=\"og:image\" content=\"https:\/\/auditar.com.br\/wp-content\/uploads\/2025\/07\/ChatGPT-Image-22-de-jul.-de-2025-08_35_07-1024x683.png\" \/>\n\t<meta property=\"og:image:width\" content=\"1024\" \/>\n\t<meta property=\"og:image:height\" content=\"683\" \/>\n\t<meta property=\"og:image:type\" content=\"image\/png\" \/>\n<meta name=\"author\" content=\"Auditar\" \/>\n<meta name=\"twitter:card\" content=\"summary_large_image\" \/>\n<meta name=\"twitter:label1\" content=\"Escrito por\" \/>\n\t<meta name=\"twitter:data1\" content=\"Auditar\" \/>\n\t<meta name=\"twitter:label2\" content=\"Est. tempo de leitura\" \/>\n\t<meta name=\"twitter:data2\" content=\"2 minutos\" \/>\n<script type=\"application\/ld+json\" class=\"yoast-schema-graph\">{\"@context\":\"https:\/\/schema.org\",\"@graph\":[{\"@type\":\"Article\",\"@id\":\"https:\/\/auditar.com.br\/index.php\/2025\/07\/22\/multas-do-esocial-para-sst-novos-valores-e-o-que-muda-na-sua-rotina\/#article\",\"isPartOf\":{\"@id\":\"https:\/\/auditar.com.br\/index.php\/2025\/07\/22\/multas-do-esocial-para-sst-novos-valores-e-o-que-muda-na-sua-rotina\/\"},\"author\":{\"name\":\"Auditar\",\"@id\":\"https:\/\/auditar.com.br\/#\/schema\/person\/3651e2436d214a9a6bc47d6ea85ac4bb\"},\"headline\":\"Multas do eSocial para SST: Novos Valores e O que Muda na Sua Rotina\",\"datePublished\":\"2025-07-22T11:35:18+00:00\",\"dateModified\":\"2025-09-29T19:03:17+00:00\",\"mainEntityOfPage\":{\"@id\":\"https:\/\/auditar.com.br\/index.php\/2025\/07\/22\/multas-do-esocial-para-sst-novos-valores-e-o-que-muda-na-sua-rotina\/\"},\"wordCount\":302,\"commentCount\":0,\"publisher\":{\"@id\":\"https:\/\/auditar.com.br\/#organization\"},\"articleSection\":[\"Not\u00edcias\"],\"inLanguage\":\"pt-BR\"},{\"@type\":\"WebPage\",\"@id\":\"https:\/\/auditar.com.br\/index.php\/2025\/07\/22\/multas-do-esocial-para-sst-novos-valores-e-o-que-muda-na-sua-rotina\/\",\"url\":\"https:\/\/auditar.com.br\/index.php\/2025\/07\/22\/multas-do-esocial-para-sst-novos-valores-e-o-que-muda-na-sua-rotina\/\",\"name\":\"Multas do eSocial para SST: Novos Valores e O que Muda na Sua Rotina - Auditar\",\"isPartOf\":{\"@id\":\"https:\/\/auditar.com.br\/#website\"},\"datePublished\":\"2025-07-22T11:35:18+00:00\",\"dateModified\":\"2025-09-29T19:03:17+00:00\",\"breadcrumb\":{\"@id\":\"https:\/\/auditar.com.br\/index.php\/2025\/07\/22\/multas-do-esocial-para-sst-novos-valores-e-o-que-muda-na-sua-rotina\/#breadcrumb\"},\"inLanguage\":\"pt-BR\",\"potentialAction\":[{\"@type\":\"ReadAction\",\"target\":[\"https:\/\/auditar.com.br\/index.php\/2025\/07\/22\/multas-do-esocial-para-sst-novos-valores-e-o-que-muda-na-sua-rotina\/\"]}]},{\"@type\":\"BreadcrumbList\",\"@id\":\"https:\/\/auditar.com.br\/index.php\/2025\/07\/22\/multas-do-esocial-para-sst-novos-valores-e-o-que-muda-na-sua-rotina\/#breadcrumb\",\"itemListElement\":[{\"@type\":\"ListItem\",\"position\":1,\"name\":\"In\u00edcio\",\"item\":\"https:\/\/auditar.com.br\/\"},{\"@type\":\"ListItem\",\"position\":2,\"name\":\"Multas do eSocial para SST: Novos Valores e O que Muda na Sua Rotina\"}]},{\"@type\":\"WebSite\",\"@id\":\"https:\/\/auditar.com.br\/#website\",\"url\":\"https:\/\/auditar.com.br\/\",\"name\":\"Auditar\",\"description\":\"A Auditar nasceu a partir do sonho de empreendedores com atividades distintas, que somaram sua expertise para fundar uma empresa de assessoria cont\u00e1bil e de auditoria em Itaja\u00ed.\",\"publisher\":{\"@id\":\"https:\/\/auditar.com.br\/#organization\"},\"alternateName\":\"Auditar Contabilidade consultiva S\/S\",\"potentialAction\":[{\"@type\":\"SearchAction\",\"target\":{\"@type\":\"EntryPoint\",\"urlTemplate\":\"https:\/\/auditar.com.br\/?s={search_term_string}\"},\"query-input\":\"required name=search_term_string\"}],\"inLanguage\":\"pt-BR\"},{\"@type\":\"Organization\",\"@id\":\"https:\/\/auditar.com.br\/#organization\",\"name\":\"Auditar\",\"alternateName\":\"Assessoria Empresarial Ltda\",\"url\":\"https:\/\/auditar.com.br\/\",\"logo\":{\"@type\":\"ImageObject\",\"inLanguage\":\"pt-BR\",\"@id\":\"https:\/\/auditar.com.br\/#\/schema\/logo\/image\/\",\"url\":\"https:\/\/auditar.com.br\/wp-content\/uploads\/2023\/06\/logo.svg\",\"contentUrl\":\"https:\/\/auditar.com.br\/wp-content\/uploads\/2023\/06\/logo.svg\",\"width\":67,\"height\":45,\"caption\":\"Auditar\"},\"image\":{\"@id\":\"https:\/\/auditar.com.br\/#\/schema\/logo\/image\/\"},\"sameAs\":[\"https:\/\/www.facebook.com\/auditarassessoriaeauditoria\/\",\"https:\/\/www.instagram.com\/auditar.br\/\",\"https:\/\/br.linkedin.com\/in\/auditar-assessoria-empresarial-a29093169?trk=public_profile_browsemap\"]},{\"@type\":\"Person\",\"@id\":\"https:\/\/auditar.com.br\/#\/schema\/person\/3651e2436d214a9a6bc47d6ea85ac4bb\",\"name\":\"Auditar\",\"image\":{\"@type\":\"ImageObject\",\"inLanguage\":\"pt-BR\",\"@id\":\"https:\/\/auditar.com.br\/#\/schema\/person\/image\/\",\"url\":\"https:\/\/secure.gravatar.com\/avatar\/ce91fd7899b4eddda17f7059620ea091?s=96&d=mm&r=g\",\"contentUrl\":\"https:\/\/secure.gravatar.com\/avatar\/ce91fd7899b4eddda17f7059620ea091?s=96&d=mm&r=g\",\"caption\":\"Auditar\"},\"sameAs\":[\"https:\/\/auditar.com.br\"],\"url\":\"https:\/\/auditar.com.br\/index.php\/author\/auditar-admin\/\"}]}<\/script>\n<!-- \/ Yoast SEO Premium plugin. -->","yoast_head_json":{"title":"Multas do eSocial para SST: Novos Valores e O que Muda na Sua Rotina - Auditar","robots":{"index":"index","follow":"follow","max-snippet":"max-snippet:-1","max-image-preview":"max-image-preview:large","max-video-preview":"max-video-preview:-1"},"canonical":"https:\/\/auditar.com.br\/index.php\/2025\/07\/22\/multas-do-esocial-para-sst-novos-valores-e-o-que-muda-na-sua-rotina\/","og_locale":"pt_BR","og_type":"article","og_title":"Multas do eSocial para SST: Novos Valores e O que Muda na Sua Rotina","og_description":"A Portaria MTE n\u00ba 1.131\/2025 traz regras mais claras e pesadas para quem n\u00e3o envia corretamente as informa\u00e7\u00f5es de Sa\u00fade e Seguran\u00e7a do Trabalho (SST) no eSocial. A partir de agora, as multas s\u00e3o calculadas com base em duas vari\u00e1veis: valor m\u00ednimo e n\u00famero de trabalhadores afetados, e podem dobrar em casos graves. Veja os [&hellip;]","og_url":"https:\/\/auditar.com.br\/index.php\/2025\/07\/22\/multas-do-esocial-para-sst-novos-valores-e-o-que-muda-na-sua-rotina\/","og_site_name":"Auditar","article_publisher":"https:\/\/www.facebook.com\/auditarassessoriaeauditoria\/","article_published_time":"2025-07-22T11:35:18+00:00","article_modified_time":"2025-09-29T19:03:17+00:00","og_image":[{"width":1024,"height":683,"url":"https:\/\/auditar.com.br\/wp-content\/uploads\/2025\/07\/ChatGPT-Image-22-de-jul.-de-2025-08_35_07-1024x683.png","type":"image\/png"}],"author":"Auditar","twitter_card":"summary_large_image","twitter_misc":{"Escrito por":"Auditar","Est. tempo de leitura":"2 minutos"},"schema":{"@context":"https:\/\/schema.org","@graph":[{"@type":"Article","@id":"https:\/\/auditar.com.br\/index.php\/2025\/07\/22\/multas-do-esocial-para-sst-novos-valores-e-o-que-muda-na-sua-rotina\/#article","isPartOf":{"@id":"https:\/\/auditar.com.br\/index.php\/2025\/07\/22\/multas-do-esocial-para-sst-novos-valores-e-o-que-muda-na-sua-rotina\/"},"author":{"name":"Auditar","@id":"https:\/\/auditar.com.br\/#\/schema\/person\/3651e2436d214a9a6bc47d6ea85ac4bb"},"headline":"Multas do eSocial para SST: Novos Valores e O que Muda na Sua Rotina","datePublished":"2025-07-22T11:35:18+00:00","dateModified":"2025-09-29T19:03:17+00:00","mainEntityOfPage":{"@id":"https:\/\/auditar.com.br\/index.php\/2025\/07\/22\/multas-do-esocial-para-sst-novos-valores-e-o-que-muda-na-sua-rotina\/"},"wordCount":302,"commentCount":0,"publisher":{"@id":"https:\/\/auditar.com.br\/#organization"},"articleSection":["Not\u00edcias"],"inLanguage":"pt-BR"},{"@type":"WebPage","@id":"https:\/\/auditar.com.br\/index.php\/2025\/07\/22\/multas-do-esocial-para-sst-novos-valores-e-o-que-muda-na-sua-rotina\/","url":"https:\/\/auditar.com.br\/index.php\/2025\/07\/22\/multas-do-esocial-para-sst-novos-valores-e-o-que-muda-na-sua-rotina\/","name":"Multas do eSocial para SST: Novos Valores e O que Muda na Sua Rotina - Auditar","isPartOf":{"@id":"https:\/\/auditar.com.br\/#website"},"datePublished":"2025-07-22T11:35:18+00:00","dateModified":"2025-09-29T19:03:17+00:00","breadcrumb":{"@id":"https:\/\/auditar.com.br\/index.php\/2025\/07\/22\/multas-do-esocial-para-sst-novos-valores-e-o-que-muda-na-sua-rotina\/#breadcrumb"},"inLanguage":"pt-BR","potentialAction":[{"@type":"ReadAction","target":["https:\/\/auditar.com.br\/index.php\/2025\/07\/22\/multas-do-esocial-para-sst-novos-valores-e-o-que-muda-na-sua-rotina\/"]}]},{"@type":"BreadcrumbList","@id":"https:\/\/auditar.com.br\/index.php\/2025\/07\/22\/multas-do-esocial-para-sst-novos-valores-e-o-que-muda-na-sua-rotina\/#breadcrumb","itemListElement":[{"@type":"ListItem","position":1,"name":"In\u00edcio","item":"https:\/\/auditar.com.br\/"},{"@type":"ListItem","position":2,"name":"Multas do eSocial para SST: Novos Valores e O que Muda na Sua Rotina"}]},{"@type":"WebSite","@id":"https:\/\/auditar.com.br\/#website","url":"https:\/\/auditar.com.br\/","name":"Auditar","description":"A Auditar nasceu a partir do sonho de empreendedores com atividades distintas, que somaram sua expertise para fundar uma empresa de assessoria cont\u00e1bil e de auditoria em Itaja\u00ed.","publisher":{"@id":"https:\/\/auditar.com.br\/#organization"},"alternateName":"Auditar Contabilidade consultiva S\/S","potentialAction":[{"@type":"SearchAction","target":{"@type":"EntryPoint","urlTemplate":"https:\/\/auditar.com.br\/?s={search_term_string}"},"query-input":"required name=search_term_string"}],"inLanguage":"pt-BR"},{"@type":"Organization","@id":"https:\/\/auditar.com.br\/#organization","name":"Auditar","alternateName":"Assessoria Empresarial Ltda","url":"https:\/\/auditar.com.br\/","logo":{"@type":"ImageObject","inLanguage":"pt-BR","@id":"https:\/\/auditar.com.br\/#\/schema\/logo\/image\/","url":"https:\/\/auditar.com.br\/wp-content\/uploads\/2023\/06\/logo.svg","contentUrl":"https:\/\/auditar.com.br\/wp-content\/uploads\/2023\/06\/logo.svg","width":67,"height":45,"caption":"Auditar"},"image":{"@id":"https:\/\/auditar.com.br\/#\/schema\/logo\/image\/"},"sameAs":["https:\/\/www.facebook.com\/auditarassessoriaeauditoria\/","https:\/\/www.instagram.com\/auditar.br\/","https:\/\/br.linkedin.com\/in\/auditar-assessoria-empresarial-a29093169?trk=public_profile_browsemap"]},{"@type":"Person","@id":"https:\/\/auditar.com.br\/#\/schema\/person\/3651e2436d214a9a6bc47d6ea85ac4bb","name":"Auditar","image":{"@type":"ImageObject","inLanguage":"pt-BR","@id":"https:\/\/auditar.com.br\/#\/schema\/person\/image\/","url":"https:\/\/secure.gravatar.com\/avatar\/ce91fd7899b4eddda17f7059620ea091?s=96&d=mm&r=g","contentUrl":"https:\/\/secure.gravatar.com\/avatar\/ce91fd7899b4eddda17f7059620ea091?s=96&d=mm&r=g","caption":"Auditar"},"sameAs":["https:\/\/auditar.com.br"],"url":"https:\/\/auditar.com.br\/index.php\/author\/auditar-admin\/"}]}},"_links":{"self":[{"href":"https:\/\/auditar.com.br\/index.php\/wp-json\/wp\/v2\/posts\/361"}],"collection":[{"href":"https:\/\/auditar.com.br\/index.php\/wp-json\/wp\/v2\/posts"}],"about":[{"href":"https:\/\/auditar.com.br\/index.php\/wp-json\/wp\/v2\/types\/post"}],"author":[{"embeddable":true,"href":"https:\/\/auditar.com.br\/index.php\/wp-json\/wp\/v2\/users\/1"}],"replies":[{"embeddable":true,"href":"https:\/\/auditar.com.br\/index.php\/wp-json\/wp\/v2\/comments?post=361"}],"version-history":[{"count":1,"href":"https:\/\/auditar.com.br\/index.php\/wp-json\/wp\/v2\/posts\/361\/revisions"}],"predecessor-version":[{"id":364,"href":"https:\/\/auditar.com.br\/index.php\/wp-json\/wp\/v2\/posts\/361\/revisions\/364"}],"wp:featuredmedia":[{"embeddable":true,"href":"https:\/\/auditar.com.br\/index.php\/wp-json\/wp\/v2\/media\/363"}],"wp:attachment":[{"href":"https:\/\/auditar.com.br\/index.php\/wp-json\/wp\/v2\/media?parent=361"}],"wp:term":[{"taxonomy":"category","embeddable":true,"href":"https:\/\/auditar.com.br\/index.php\/wp-json\/wp\/v2\/categories?post=361"},{"taxonomy":"post_tag","embeddable":true,"href":"https:\/\/auditar.com.br\/index.php\/wp-json\/wp\/v2\/tags?post=361"}],"curies":[{"name":"wp","href":"https:\/\/api.w.org\/{rel}","templated":true}]}}