{"id":365,"date":"2025-07-22T08:39:47","date_gmt":"2025-07-22T11:39:47","guid":{"rendered":"https:\/\/auditar.com.br\/?p=365"},"modified":"2025-09-29T16:03:10","modified_gmt":"2025-09-29T19:03:10","slug":"receita-lanca-calculadora-oficial-para-simplificar-a-reforma-tributaria-sobre-o-consumo","status":"publish","type":"post","link":"https:\/\/auditar.com.br\/index.php\/2025\/07\/22\/receita-lanca-calculadora-oficial-para-simplificar-a-reforma-tributaria-sobre-o-consumo\/","title":{"rendered":"Receita lan\u00e7a Calculadora Oficial para Simplificar a Reforma Tribut\u00e1ria sobre o Consumo"},"content":{"rendered":"<div class=\"wp-block-image\">\n<figure class=\"aligncenter size-large is-resized\"><img fetchpriority=\"high\" decoding=\"async\" width=\"1024\" height=\"683\" src=\"https:\/\/auditar.com.br\/wp-content\/uploads\/2025\/07\/ChatGPT-Image-22-de-jul.-de-2025-08_39_38-1024x683.png\" alt=\"\" class=\"wp-image-367\" style=\"width:498px;height:auto\" srcset=\"https:\/\/auditar.com.br\/wp-content\/uploads\/2025\/07\/ChatGPT-Image-22-de-jul.-de-2025-08_39_38-1024x683.png 1024w, https:\/\/auditar.com.br\/wp-content\/uploads\/2025\/07\/ChatGPT-Image-22-de-jul.-de-2025-08_39_38-300x200.png 300w, https:\/\/auditar.com.br\/wp-content\/uploads\/2025\/07\/ChatGPT-Image-22-de-jul.-de-2025-08_39_38-768x512.png 768w, https:\/\/auditar.com.br\/wp-content\/uploads\/2025\/07\/ChatGPT-Image-22-de-jul.-de-2025-08_39_38.png 1536w\" sizes=\"(max-width: 1024px) 100vw, 1024px\" \/><\/figure><\/div>\n\n\n<p>A Receita Federal abriu ao p\u00fablico a vers\u00e3o Beta da \u201cCalculadora de Tributos\u201d, ferramenta gratuita e de c\u00f3digo aberto, criada para aplicar automaticamente as novas regras da Reforma Tribut\u00e1ria sobre o Consumo. Antes restrita a um grupo piloto da Contribui\u00e7\u00e3o sobre Bens e Servi\u00e7os (CBS), a solu\u00e7\u00e3o agora calcula tamb\u00e9m o Imposto sobre Bens e Servi\u00e7os (IBS) e o Imposto Seletivo (IS) para qualquer usu\u00e1rio.<\/p>\n\n\n\n<p><strong>Como funciona<\/strong><br>\u2013 Voc\u00ea insere os dados de uma opera\u00e7\u00e3o de venda ou servi\u00e7o (valor, itens, local, etc.) e a ferramenta aplica, na hora, as al\u00edquotas e bases de c\u00e1lculo definidas na Emenda Constitucional 132\/2023 e na Lei Complementar n\u00ba 214\/2025.<br>\u2013 O sistema gera uma \u201cmem\u00f3ria de c\u00e1lculo\u201d detalhada, mostrando passo a passo a legisla\u00e7\u00e3o usada e o valor final de CBS, IBS e IS.<\/p>\n\n\n\n<p><strong>Duas formas de acesso<\/strong><\/p>\n\n\n\n<ol>\n<li><strong>Simulador online<\/strong>: basta abrir o navegador em computador, tablet ou celular. Ideal para contadores, consultores e empreendedores que querem testar casos reais sem instalar nada.<\/li>\n\n\n\n<li><strong>Componente local (API)<\/strong>: para desenvolvedores e fornecedores de ERP, que podem integrar a calculadora ao seu sistema via API REST, garantindo autonomia, sigilo e atualiza\u00e7\u00e3o autom\u00e1tica.<\/li>\n<\/ol>\n\n\n\n<p><strong>Principais vantagens<\/strong><\/p>\n\n\n\n<ul>\n<li><strong>Padroniza\u00e7\u00e3o e transpar\u00eancia<\/strong>: elimina interpreta\u00e7\u00f5es diferentes entre contribuintes e Fisco.<\/li>\n\n\n\n<li><strong>Redu\u00e7\u00e3o de erros<\/strong>: diminui falhas de c\u00e1lculo e riscos de autua\u00e7\u00f5es.<\/li>\n\n\n\n<li><strong>Auditabilidade<\/strong>: todo c\u00e1lculo fica documentado, facilitando revis\u00f5es internas e auditorias externas.<\/li>\n\n\n\n<li><strong>Flexibilidade<\/strong>: atualiza\u00e7\u00f5es normativas s\u00e3o incorporadas pela Receita sem necessidade de parametriza\u00e7\u00e3o manual.<\/li>\n<\/ul>\n\n\n\n<p><strong>Por que usar agora<\/strong><br>Com o calend\u00e1rio de transi\u00e7\u00e3o tribut\u00e1ria em curso, empresas e escrit\u00f3rios cont\u00e1beis ganham em previsibilidade e seguran\u00e7a jur\u00eddica. A \u201cCalculadora de Tributos\u201d se alinha ao conceito internacional de Tax as a Service, apoiado pela OCDE, e serve como suporte educacional e operacional para a nova era da arrecada\u00e7\u00e3o.<\/p>\n","protected":false},"excerpt":{"rendered":"<p>A Receita Federal abriu ao p\u00fablico a vers\u00e3o Beta da \u201cCalculadora de Tributos\u201d, ferramenta gratuita e de c\u00f3digo aberto, criada para aplicar automaticamente as novas regras da Reforma Tribut\u00e1ria sobre o Consumo. Antes restrita a um grupo piloto da Contribui\u00e7\u00e3o sobre Bens e Servi\u00e7os (CBS), a solu\u00e7\u00e3o agora calcula tamb\u00e9m o Imposto sobre Bens e [&hellip;]<\/p>\n","protected":false},"author":1,"featured_media":367,"comment_status":"open","ping_status":"open","sticky":false,"template":"","format":"standard","meta":{"footnotes":""},"categories":[12],"tags":[],"acf":[],"yoast_head":"<!-- This site is optimized with the Yoast SEO Premium plugin v20.8 (Yoast SEO v20.8) - https:\/\/yoast.com\/wordpress\/plugins\/seo\/ -->\n<title>Receita lan\u00e7a Calculadora Oficial para Simplificar a Reforma Tribut\u00e1ria sobre o Consumo - Auditar<\/title>\n<meta name=\"robots\" content=\"index, follow, max-snippet:-1, max-image-preview:large, max-video-preview:-1\" \/>\n<link rel=\"canonical\" href=\"https:\/\/auditar.com.br\/index.php\/2025\/07\/22\/receita-lanca-calculadora-oficial-para-simplificar-a-reforma-tributaria-sobre-o-consumo\/\" \/>\n<meta property=\"og:locale\" content=\"pt_BR\" \/>\n<meta property=\"og:type\" content=\"article\" \/>\n<meta property=\"og:title\" content=\"Receita lan\u00e7a Calculadora Oficial para Simplificar a Reforma Tribut\u00e1ria sobre o Consumo\" \/>\n<meta property=\"og:description\" content=\"A Receita Federal abriu ao p\u00fablico a vers\u00e3o Beta da \u201cCalculadora de Tributos\u201d, ferramenta gratuita e de c\u00f3digo aberto, criada para aplicar automaticamente as novas regras da Reforma Tribut\u00e1ria sobre o Consumo. Antes restrita a um grupo piloto da Contribui\u00e7\u00e3o sobre Bens e Servi\u00e7os (CBS), a solu\u00e7\u00e3o agora calcula tamb\u00e9m o Imposto sobre Bens e [&hellip;]\" \/>\n<meta property=\"og:url\" content=\"https:\/\/auditar.com.br\/index.php\/2025\/07\/22\/receita-lanca-calculadora-oficial-para-simplificar-a-reforma-tributaria-sobre-o-consumo\/\" \/>\n<meta property=\"og:site_name\" content=\"Auditar\" \/>\n<meta property=\"article:publisher\" content=\"https:\/\/www.facebook.com\/auditarassessoriaeauditoria\/\" \/>\n<meta property=\"article:published_time\" content=\"2025-07-22T11:39:47+00:00\" \/>\n<meta property=\"article:modified_time\" content=\"2025-09-29T19:03:10+00:00\" \/>\n<meta property=\"og:image\" content=\"https:\/\/auditar.com.br\/wp-content\/uploads\/2025\/07\/ChatGPT-Image-22-de-jul.-de-2025-08_39_38-1024x683.png\" \/>\n\t<meta property=\"og:image:width\" content=\"1024\" \/>\n\t<meta property=\"og:image:height\" content=\"683\" \/>\n\t<meta property=\"og:image:type\" content=\"image\/png\" \/>\n<meta name=\"author\" content=\"Auditar\" \/>\n<meta name=\"twitter:card\" content=\"summary_large_image\" \/>\n<meta name=\"twitter:label1\" content=\"Escrito por\" \/>\n\t<meta name=\"twitter:data1\" content=\"Auditar\" \/>\n\t<meta name=\"twitter:label2\" content=\"Est. tempo de leitura\" \/>\n\t<meta name=\"twitter:data2\" content=\"2 minutos\" \/>\n<script type=\"application\/ld+json\" class=\"yoast-schema-graph\">{\"@context\":\"https:\/\/schema.org\",\"@graph\":[{\"@type\":\"Article\",\"@id\":\"https:\/\/auditar.com.br\/index.php\/2025\/07\/22\/receita-lanca-calculadora-oficial-para-simplificar-a-reforma-tributaria-sobre-o-consumo\/#article\",\"isPartOf\":{\"@id\":\"https:\/\/auditar.com.br\/index.php\/2025\/07\/22\/receita-lanca-calculadora-oficial-para-simplificar-a-reforma-tributaria-sobre-o-consumo\/\"},\"author\":{\"name\":\"Auditar\",\"@id\":\"https:\/\/auditar.com.br\/#\/schema\/person\/3651e2436d214a9a6bc47d6ea85ac4bb\"},\"headline\":\"Receita lan\u00e7a Calculadora Oficial para Simplificar a Reforma Tribut\u00e1ria sobre o Consumo\",\"datePublished\":\"2025-07-22T11:39:47+00:00\",\"dateModified\":\"2025-09-29T19:03:10+00:00\",\"mainEntityOfPage\":{\"@id\":\"https:\/\/auditar.com.br\/index.php\/2025\/07\/22\/receita-lanca-calculadora-oficial-para-simplificar-a-reforma-tributaria-sobre-o-consumo\/\"},\"wordCount\":332,\"commentCount\":0,\"publisher\":{\"@id\":\"https:\/\/auditar.com.br\/#organization\"},\"articleSection\":[\"Not\u00edcias\"],\"inLanguage\":\"pt-BR\"},{\"@type\":\"WebPage\",\"@id\":\"https:\/\/auditar.com.br\/index.php\/2025\/07\/22\/receita-lanca-calculadora-oficial-para-simplificar-a-reforma-tributaria-sobre-o-consumo\/\",\"url\":\"https:\/\/auditar.com.br\/index.php\/2025\/07\/22\/receita-lanca-calculadora-oficial-para-simplificar-a-reforma-tributaria-sobre-o-consumo\/\",\"name\":\"Receita lan\u00e7a Calculadora Oficial para Simplificar a Reforma Tribut\u00e1ria sobre o Consumo - Auditar\",\"isPartOf\":{\"@id\":\"https:\/\/auditar.com.br\/#website\"},\"datePublished\":\"2025-07-22T11:39:47+00:00\",\"dateModified\":\"2025-09-29T19:03:10+00:00\",\"breadcrumb\":{\"@id\":\"https:\/\/auditar.com.br\/index.php\/2025\/07\/22\/receita-lanca-calculadora-oficial-para-simplificar-a-reforma-tributaria-sobre-o-consumo\/#breadcrumb\"},\"inLanguage\":\"pt-BR\",\"potentialAction\":[{\"@type\":\"ReadAction\",\"target\":[\"https:\/\/auditar.com.br\/index.php\/2025\/07\/22\/receita-lanca-calculadora-oficial-para-simplificar-a-reforma-tributaria-sobre-o-consumo\/\"]}]},{\"@type\":\"BreadcrumbList\",\"@id\":\"https:\/\/auditar.com.br\/index.php\/2025\/07\/22\/receita-lanca-calculadora-oficial-para-simplificar-a-reforma-tributaria-sobre-o-consumo\/#breadcrumb\",\"itemListElement\":[{\"@type\":\"ListItem\",\"position\":1,\"name\":\"In\u00edcio\",\"item\":\"https:\/\/auditar.com.br\/\"},{\"@type\":\"ListItem\",\"position\":2,\"name\":\"Receita lan\u00e7a Calculadora Oficial para Simplificar a Reforma Tribut\u00e1ria sobre o Consumo\"}]},{\"@type\":\"WebSite\",\"@id\":\"https:\/\/auditar.com.br\/#website\",\"url\":\"https:\/\/auditar.com.br\/\",\"name\":\"Auditar\",\"description\":\"A Auditar nasceu a partir do sonho de empreendedores com atividades distintas, que somaram sua expertise para fundar uma empresa de assessoria cont\u00e1bil e de auditoria em Itaja\u00ed.\",\"publisher\":{\"@id\":\"https:\/\/auditar.com.br\/#organization\"},\"alternateName\":\"Auditar Contabilidade consultiva S\/S\",\"potentialAction\":[{\"@type\":\"SearchAction\",\"target\":{\"@type\":\"EntryPoint\",\"urlTemplate\":\"https:\/\/auditar.com.br\/?s={search_term_string}\"},\"query-input\":\"required name=search_term_string\"}],\"inLanguage\":\"pt-BR\"},{\"@type\":\"Organization\",\"@id\":\"https:\/\/auditar.com.br\/#organization\",\"name\":\"Auditar\",\"alternateName\":\"Assessoria Empresarial Ltda\",\"url\":\"https:\/\/auditar.com.br\/\",\"logo\":{\"@type\":\"ImageObject\",\"inLanguage\":\"pt-BR\",\"@id\":\"https:\/\/auditar.com.br\/#\/schema\/logo\/image\/\",\"url\":\"https:\/\/auditar.com.br\/wp-content\/uploads\/2023\/06\/logo.svg\",\"contentUrl\":\"https:\/\/auditar.com.br\/wp-content\/uploads\/2023\/06\/logo.svg\",\"width\":67,\"height\":45,\"caption\":\"Auditar\"},\"image\":{\"@id\":\"https:\/\/auditar.com.br\/#\/schema\/logo\/image\/\"},\"sameAs\":[\"https:\/\/www.facebook.com\/auditarassessoriaeauditoria\/\",\"https:\/\/www.instagram.com\/auditar.br\/\",\"https:\/\/br.linkedin.com\/in\/auditar-assessoria-empresarial-a29093169?trk=public_profile_browsemap\"]},{\"@type\":\"Person\",\"@id\":\"https:\/\/auditar.com.br\/#\/schema\/person\/3651e2436d214a9a6bc47d6ea85ac4bb\",\"name\":\"Auditar\",\"image\":{\"@type\":\"ImageObject\",\"inLanguage\":\"pt-BR\",\"@id\":\"https:\/\/auditar.com.br\/#\/schema\/person\/image\/\",\"url\":\"https:\/\/secure.gravatar.com\/avatar\/ce91fd7899b4eddda17f7059620ea091?s=96&d=mm&r=g\",\"contentUrl\":\"https:\/\/secure.gravatar.com\/avatar\/ce91fd7899b4eddda17f7059620ea091?s=96&d=mm&r=g\",\"caption\":\"Auditar\"},\"sameAs\":[\"https:\/\/auditar.com.br\"],\"url\":\"https:\/\/auditar.com.br\/index.php\/author\/auditar-admin\/\"}]}<\/script>\n<!-- \/ Yoast SEO Premium plugin. -->","yoast_head_json":{"title":"Receita lan\u00e7a Calculadora Oficial para Simplificar a Reforma Tribut\u00e1ria sobre o Consumo - Auditar","robots":{"index":"index","follow":"follow","max-snippet":"max-snippet:-1","max-image-preview":"max-image-preview:large","max-video-preview":"max-video-preview:-1"},"canonical":"https:\/\/auditar.com.br\/index.php\/2025\/07\/22\/receita-lanca-calculadora-oficial-para-simplificar-a-reforma-tributaria-sobre-o-consumo\/","og_locale":"pt_BR","og_type":"article","og_title":"Receita lan\u00e7a Calculadora Oficial para Simplificar a Reforma Tribut\u00e1ria sobre o Consumo","og_description":"A Receita Federal abriu ao p\u00fablico a vers\u00e3o Beta da \u201cCalculadora de Tributos\u201d, ferramenta gratuita e de c\u00f3digo aberto, criada para aplicar automaticamente as novas regras da Reforma Tribut\u00e1ria sobre o Consumo. Antes restrita a um grupo piloto da Contribui\u00e7\u00e3o sobre Bens e Servi\u00e7os (CBS), a solu\u00e7\u00e3o agora calcula tamb\u00e9m o Imposto sobre Bens e [&hellip;]","og_url":"https:\/\/auditar.com.br\/index.php\/2025\/07\/22\/receita-lanca-calculadora-oficial-para-simplificar-a-reforma-tributaria-sobre-o-consumo\/","og_site_name":"Auditar","article_publisher":"https:\/\/www.facebook.com\/auditarassessoriaeauditoria\/","article_published_time":"2025-07-22T11:39:47+00:00","article_modified_time":"2025-09-29T19:03:10+00:00","og_image":[{"width":1024,"height":683,"url":"https:\/\/auditar.com.br\/wp-content\/uploads\/2025\/07\/ChatGPT-Image-22-de-jul.-de-2025-08_39_38-1024x683.png","type":"image\/png"}],"author":"Auditar","twitter_card":"summary_large_image","twitter_misc":{"Escrito por":"Auditar","Est. tempo de leitura":"2 minutos"},"schema":{"@context":"https:\/\/schema.org","@graph":[{"@type":"Article","@id":"https:\/\/auditar.com.br\/index.php\/2025\/07\/22\/receita-lanca-calculadora-oficial-para-simplificar-a-reforma-tributaria-sobre-o-consumo\/#article","isPartOf":{"@id":"https:\/\/auditar.com.br\/index.php\/2025\/07\/22\/receita-lanca-calculadora-oficial-para-simplificar-a-reforma-tributaria-sobre-o-consumo\/"},"author":{"name":"Auditar","@id":"https:\/\/auditar.com.br\/#\/schema\/person\/3651e2436d214a9a6bc47d6ea85ac4bb"},"headline":"Receita lan\u00e7a Calculadora Oficial para Simplificar a Reforma Tribut\u00e1ria sobre o Consumo","datePublished":"2025-07-22T11:39:47+00:00","dateModified":"2025-09-29T19:03:10+00:00","mainEntityOfPage":{"@id":"https:\/\/auditar.com.br\/index.php\/2025\/07\/22\/receita-lanca-calculadora-oficial-para-simplificar-a-reforma-tributaria-sobre-o-consumo\/"},"wordCount":332,"commentCount":0,"publisher":{"@id":"https:\/\/auditar.com.br\/#organization"},"articleSection":["Not\u00edcias"],"inLanguage":"pt-BR"},{"@type":"WebPage","@id":"https:\/\/auditar.com.br\/index.php\/2025\/07\/22\/receita-lanca-calculadora-oficial-para-simplificar-a-reforma-tributaria-sobre-o-consumo\/","url":"https:\/\/auditar.com.br\/index.php\/2025\/07\/22\/receita-lanca-calculadora-oficial-para-simplificar-a-reforma-tributaria-sobre-o-consumo\/","name":"Receita lan\u00e7a Calculadora Oficial para Simplificar a Reforma Tribut\u00e1ria sobre o Consumo - Auditar","isPartOf":{"@id":"https:\/\/auditar.com.br\/#website"},"datePublished":"2025-07-22T11:39:47+00:00","dateModified":"2025-09-29T19:03:10+00:00","breadcrumb":{"@id":"https:\/\/auditar.com.br\/index.php\/2025\/07\/22\/receita-lanca-calculadora-oficial-para-simplificar-a-reforma-tributaria-sobre-o-consumo\/#breadcrumb"},"inLanguage":"pt-BR","potentialAction":[{"@type":"ReadAction","target":["https:\/\/auditar.com.br\/index.php\/2025\/07\/22\/receita-lanca-calculadora-oficial-para-simplificar-a-reforma-tributaria-sobre-o-consumo\/"]}]},{"@type":"BreadcrumbList","@id":"https:\/\/auditar.com.br\/index.php\/2025\/07\/22\/receita-lanca-calculadora-oficial-para-simplificar-a-reforma-tributaria-sobre-o-consumo\/#breadcrumb","itemListElement":[{"@type":"ListItem","position":1,"name":"In\u00edcio","item":"https:\/\/auditar.com.br\/"},{"@type":"ListItem","position":2,"name":"Receita lan\u00e7a Calculadora Oficial para Simplificar a Reforma Tribut\u00e1ria sobre o Consumo"}]},{"@type":"WebSite","@id":"https:\/\/auditar.com.br\/#website","url":"https:\/\/auditar.com.br\/","name":"Auditar","description":"A Auditar nasceu a partir do sonho de empreendedores com atividades distintas, que somaram sua expertise para fundar uma empresa de assessoria cont\u00e1bil e de auditoria em Itaja\u00ed.","publisher":{"@id":"https:\/\/auditar.com.br\/#organization"},"alternateName":"Auditar Contabilidade consultiva S\/S","potentialAction":[{"@type":"SearchAction","target":{"@type":"EntryPoint","urlTemplate":"https:\/\/auditar.com.br\/?s={search_term_string}"},"query-input":"required name=search_term_string"}],"inLanguage":"pt-BR"},{"@type":"Organization","@id":"https:\/\/auditar.com.br\/#organization","name":"Auditar","alternateName":"Assessoria Empresarial Ltda","url":"https:\/\/auditar.com.br\/","logo":{"@type":"ImageObject","inLanguage":"pt-BR","@id":"https:\/\/auditar.com.br\/#\/schema\/logo\/image\/","url":"https:\/\/auditar.com.br\/wp-content\/uploads\/2023\/06\/logo.svg","contentUrl":"https:\/\/auditar.com.br\/wp-content\/uploads\/2023\/06\/logo.svg","width":67,"height":45,"caption":"Auditar"},"image":{"@id":"https:\/\/auditar.com.br\/#\/schema\/logo\/image\/"},"sameAs":["https:\/\/www.facebook.com\/auditarassessoriaeauditoria\/","https:\/\/www.instagram.com\/auditar.br\/","https:\/\/br.linkedin.com\/in\/auditar-assessoria-empresarial-a29093169?trk=public_profile_browsemap"]},{"@type":"Person","@id":"https:\/\/auditar.com.br\/#\/schema\/person\/3651e2436d214a9a6bc47d6ea85ac4bb","name":"Auditar","image":{"@type":"ImageObject","inLanguage":"pt-BR","@id":"https:\/\/auditar.com.br\/#\/schema\/person\/image\/","url":"https:\/\/secure.gravatar.com\/avatar\/ce91fd7899b4eddda17f7059620ea091?s=96&d=mm&r=g","contentUrl":"https:\/\/secure.gravatar.com\/avatar\/ce91fd7899b4eddda17f7059620ea091?s=96&d=mm&r=g","caption":"Auditar"},"sameAs":["https:\/\/auditar.com.br"],"url":"https:\/\/auditar.com.br\/index.php\/author\/auditar-admin\/"}]}},"_links":{"self":[{"href":"https:\/\/auditar.com.br\/index.php\/wp-json\/wp\/v2\/posts\/365"}],"collection":[{"href":"https:\/\/auditar.com.br\/index.php\/wp-json\/wp\/v2\/posts"}],"about":[{"href":"https:\/\/auditar.com.br\/index.php\/wp-json\/wp\/v2\/types\/post"}],"author":[{"embeddable":true,"href":"https:\/\/auditar.com.br\/index.php\/wp-json\/wp\/v2\/users\/1"}],"replies":[{"embeddable":true,"href":"https:\/\/auditar.com.br\/index.php\/wp-json\/wp\/v2\/comments?post=365"}],"version-history":[{"count":1,"href":"https:\/\/auditar.com.br\/index.php\/wp-json\/wp\/v2\/posts\/365\/revisions"}],"predecessor-version":[{"id":368,"href":"https:\/\/auditar.com.br\/index.php\/wp-json\/wp\/v2\/posts\/365\/revisions\/368"}],"wp:featuredmedia":[{"embeddable":true,"href":"https:\/\/auditar.com.br\/index.php\/wp-json\/wp\/v2\/media\/367"}],"wp:attachment":[{"href":"https:\/\/auditar.com.br\/index.php\/wp-json\/wp\/v2\/media?parent=365"}],"wp:term":[{"taxonomy":"category","embeddable":true,"href":"https:\/\/auditar.com.br\/index.php\/wp-json\/wp\/v2\/categories?post=365"},{"taxonomy":"post_tag","embeddable":true,"href":"https:\/\/auditar.com.br\/index.php\/wp-json\/wp\/v2\/tags?post=365"}],"curies":[{"name":"wp","href":"https:\/\/api.w.org\/{rel}","templated":true}]}}