{"id":369,"date":"2025-07-22T15:17:06","date_gmt":"2025-07-22T18:17:06","guid":{"rendered":"https:\/\/auditar.com.br\/?p=369"},"modified":"2025-09-29T16:03:05","modified_gmt":"2025-09-29T19:03:05","slug":"entenda-as-novas-aliquotas-do-iof-apos-decisao-do-stf","status":"publish","type":"post","link":"https:\/\/auditar.com.br\/index.php\/2025\/07\/22\/entenda-as-novas-aliquotas-do-iof-apos-decisao-do-stf\/","title":{"rendered":"Entenda as Novas Al\u00edquotas do IOF Ap\u00f3s Decis\u00e3o do STF"},"content":{"rendered":"<div class=\"wp-block-image\">\n<figure class=\"aligncenter size-large is-resized\"><img fetchpriority=\"high\" decoding=\"async\" width=\"1024\" height=\"683\" src=\"https:\/\/auditar.com.br\/wp-content\/uploads\/2025\/07\/ChatGPT-Image-22-de-jul.-de-2025-15_15_41-1-1024x683.png\" alt=\"\" class=\"wp-image-372\" style=\"width:435px;height:auto\" srcset=\"https:\/\/auditar.com.br\/wp-content\/uploads\/2025\/07\/ChatGPT-Image-22-de-jul.-de-2025-15_15_41-1-1024x683.png 1024w, https:\/\/auditar.com.br\/wp-content\/uploads\/2025\/07\/ChatGPT-Image-22-de-jul.-de-2025-15_15_41-1-300x200.png 300w, https:\/\/auditar.com.br\/wp-content\/uploads\/2025\/07\/ChatGPT-Image-22-de-jul.-de-2025-15_15_41-1-768x512.png 768w, https:\/\/auditar.com.br\/wp-content\/uploads\/2025\/07\/ChatGPT-Image-22-de-jul.-de-2025-15_15_41-1.png 1536w\" sizes=\"(max-width: 1024px) 100vw, 1024px\" \/><\/figure><\/div>\n\n\n<p>O ministro Alexandre de Moraes restabeleceu quase todo o decreto que elevou o IOF em junho, fazendo voltar as al\u00edquotas anteriores ao dia 25\/06 (exceto o risco sacado). A mudan\u00e7a vale retroativamente a partir de 11 de junho, mas a Receita retomou a cobran\u00e7a apenas em 17\/07. Veja como fica para diferentes opera\u00e7\u00f5es:<\/p>\n\n\n\n<ol>\n<li><strong>C\u00e2mbio e viagens ao exterior<\/strong>\n<ul>\n<li><strong>Antes do decreto<\/strong>: 1,1% em esp\u00e9cie; 3,38% em cart\u00f5es e demais transa\u00e7\u00f5es; 0,38% em opera\u00e7\u00f5es n\u00e3o especificadas; 1,1% em remessas e empr\u00e9stimos de curto prazo.<\/li>\n\n\n\n<li><strong>Com a volta do decreto<\/strong>: unifica\u00e7\u00e3o de 3,5% em todas as opera\u00e7\u00f5es de c\u00e2mbio (esp\u00e9cie, cart\u00e3o, pr\u00e9-pago, cheques); 0,38% na entrada de recursos e 3,5% na sa\u00edda; isen\u00e7\u00e3o apenas para retorno de investimento estrangeiro direto.<\/li>\n<\/ul>\n<\/li>\n\n\n\n<li><strong>Cr\u00e9dito para empresas<\/strong>\n<ul>\n<li><strong>Antes da derrubada<\/strong>: teto de 1,88% ao ano (geral) e 0,88% para Simples Nacional; cotas prim\u00e1rias de FIDC isentas.<\/li>\n\n\n\n<li><strong>Retorno das al\u00edquotas antigas<\/strong>: at\u00e9 3,38% ao ano para todas as empresas; 1,95% ao ano para Simples; 0,38% para cotas prim\u00e1rias de FIDC.<\/li>\n<\/ul>\n<\/li>\n\n\n\n<li><strong>Previd\u00eancia VGBL<\/strong>\n<ul>\n<li><strong>Como estava<\/strong>: IOF zero para aportes de qualquer valor.<\/li>\n\n\n\n<li><strong>Como volta a ficar<\/strong>: isen\u00e7\u00e3o at\u00e9 R$ 300 mil\/ano (at\u00e9 12\/2025) e at\u00e9 R$ 600 mil\/ano (2026 em diante); acima disso, 5%; contribui\u00e7\u00e3o patronal segue isenta.<\/li>\n<\/ul>\n<\/li>\n\n\n\n<li><strong>Investidores de alta renda<\/strong><br>Contribuintes com renda acima de R$ 1,2 milh\u00e3o\/ano ter\u00e3o IOF nas transfer\u00eancias para VGBL \u2013 antes eram totalmente isentas.<\/li>\n\n\n\n<li><strong>Infra\u00e7\u00f5es em outros tributos<\/strong><br>Em paralelo, uma MP aumenta tributos sobre apostas (de 12% para 18%), fintechs (9% para 15%) e endurece regras de compensa\u00e7\u00e3o de impostos \u2013 mas s\u00f3 vale se o Congresso mantiver a medida.<\/li>\n<\/ol>\n\n\n\n<p><strong>Impacto no bolso<\/strong>: para o governo, h\u00e1 perda de R$ 450 mi neste ano e R$ 3,5 bi em 2026 sem o IOF de risco sacado; para empresas e viajantes, os custos voltam a subir imediatamente nas opera\u00e7\u00f5es de c\u00e2mbio e cr\u00e9dito.<\/p>\n","protected":false},"excerpt":{"rendered":"<p>O ministro Alexandre de Moraes restabeleceu quase todo o decreto que elevou o IOF em junho, fazendo voltar as al\u00edquotas anteriores ao dia 25\/06 (exceto o risco sacado). A mudan\u00e7a vale retroativamente a partir de 11 de junho, mas a Receita retomou a cobran\u00e7a apenas em 17\/07. Veja como fica para diferentes opera\u00e7\u00f5es: Impacto no [&hellip;]<\/p>\n","protected":false},"author":1,"featured_media":371,"comment_status":"open","ping_status":"open","sticky":false,"template":"","format":"standard","meta":{"footnotes":""},"categories":[12],"tags":[],"acf":[],"yoast_head":"<!-- This site is optimized with the Yoast SEO Premium plugin v20.8 (Yoast SEO v20.8) - https:\/\/yoast.com\/wordpress\/plugins\/seo\/ -->\n<title>Entenda as Novas Al\u00edquotas do IOF Ap\u00f3s Decis\u00e3o do STF - Auditar<\/title>\n<meta name=\"robots\" content=\"index, follow, max-snippet:-1, max-image-preview:large, max-video-preview:-1\" \/>\n<link rel=\"canonical\" href=\"https:\/\/auditar.com.br\/index.php\/2025\/07\/22\/entenda-as-novas-aliquotas-do-iof-apos-decisao-do-stf\/\" \/>\n<meta property=\"og:locale\" content=\"pt_BR\" \/>\n<meta property=\"og:type\" content=\"article\" \/>\n<meta property=\"og:title\" content=\"Entenda as Novas Al\u00edquotas do IOF Ap\u00f3s Decis\u00e3o do STF\" \/>\n<meta property=\"og:description\" content=\"O ministro Alexandre de Moraes restabeleceu quase todo o decreto que elevou o IOF em junho, fazendo voltar as al\u00edquotas anteriores ao dia 25\/06 (exceto o risco sacado). A mudan\u00e7a vale retroativamente a partir de 11 de junho, mas a Receita retomou a cobran\u00e7a apenas em 17\/07. Veja como fica para diferentes opera\u00e7\u00f5es: Impacto no [&hellip;]\" \/>\n<meta property=\"og:url\" content=\"https:\/\/auditar.com.br\/index.php\/2025\/07\/22\/entenda-as-novas-aliquotas-do-iof-apos-decisao-do-stf\/\" \/>\n<meta property=\"og:site_name\" content=\"Auditar\" \/>\n<meta property=\"article:publisher\" content=\"https:\/\/www.facebook.com\/auditarassessoriaeauditoria\/\" \/>\n<meta property=\"article:published_time\" content=\"2025-07-22T18:17:06+00:00\" \/>\n<meta property=\"article:modified_time\" content=\"2025-09-29T19:03:05+00:00\" \/>\n<meta property=\"og:image\" content=\"https:\/\/auditar.com.br\/wp-content\/uploads\/2025\/07\/ChatGPT-Image-22-de-jul.-de-2025-15_15_41-1024x683.png\" \/>\n\t<meta property=\"og:image:width\" content=\"1024\" \/>\n\t<meta property=\"og:image:height\" content=\"683\" \/>\n\t<meta property=\"og:image:type\" content=\"image\/png\" \/>\n<meta name=\"author\" content=\"Auditar\" \/>\n<meta name=\"twitter:card\" content=\"summary_large_image\" \/>\n<meta name=\"twitter:label1\" content=\"Escrito por\" \/>\n\t<meta name=\"twitter:data1\" content=\"Auditar\" \/>\n\t<meta name=\"twitter:label2\" content=\"Est. tempo de leitura\" \/>\n\t<meta name=\"twitter:data2\" content=\"2 minutos\" \/>\n<script type=\"application\/ld+json\" class=\"yoast-schema-graph\">{\"@context\":\"https:\/\/schema.org\",\"@graph\":[{\"@type\":\"Article\",\"@id\":\"https:\/\/auditar.com.br\/index.php\/2025\/07\/22\/entenda-as-novas-aliquotas-do-iof-apos-decisao-do-stf\/#article\",\"isPartOf\":{\"@id\":\"https:\/\/auditar.com.br\/index.php\/2025\/07\/22\/entenda-as-novas-aliquotas-do-iof-apos-decisao-do-stf\/\"},\"author\":{\"name\":\"Auditar\",\"@id\":\"https:\/\/auditar.com.br\/#\/schema\/person\/3651e2436d214a9a6bc47d6ea85ac4bb\"},\"headline\":\"Entenda as Novas Al\u00edquotas do IOF Ap\u00f3s Decis\u00e3o do STF\",\"datePublished\":\"2025-07-22T18:17:06+00:00\",\"dateModified\":\"2025-09-29T19:03:05+00:00\",\"mainEntityOfPage\":{\"@id\":\"https:\/\/auditar.com.br\/index.php\/2025\/07\/22\/entenda-as-novas-aliquotas-do-iof-apos-decisao-do-stf\/\"},\"wordCount\":322,\"commentCount\":0,\"publisher\":{\"@id\":\"https:\/\/auditar.com.br\/#organization\"},\"articleSection\":[\"Not\u00edcias\"],\"inLanguage\":\"pt-BR\"},{\"@type\":\"WebPage\",\"@id\":\"https:\/\/auditar.com.br\/index.php\/2025\/07\/22\/entenda-as-novas-aliquotas-do-iof-apos-decisao-do-stf\/\",\"url\":\"https:\/\/auditar.com.br\/index.php\/2025\/07\/22\/entenda-as-novas-aliquotas-do-iof-apos-decisao-do-stf\/\",\"name\":\"Entenda as Novas Al\u00edquotas do IOF Ap\u00f3s Decis\u00e3o do STF - Auditar\",\"isPartOf\":{\"@id\":\"https:\/\/auditar.com.br\/#website\"},\"datePublished\":\"2025-07-22T18:17:06+00:00\",\"dateModified\":\"2025-09-29T19:03:05+00:00\",\"breadcrumb\":{\"@id\":\"https:\/\/auditar.com.br\/index.php\/2025\/07\/22\/entenda-as-novas-aliquotas-do-iof-apos-decisao-do-stf\/#breadcrumb\"},\"inLanguage\":\"pt-BR\",\"potentialAction\":[{\"@type\":\"ReadAction\",\"target\":[\"https:\/\/auditar.com.br\/index.php\/2025\/07\/22\/entenda-as-novas-aliquotas-do-iof-apos-decisao-do-stf\/\"]}]},{\"@type\":\"BreadcrumbList\",\"@id\":\"https:\/\/auditar.com.br\/index.php\/2025\/07\/22\/entenda-as-novas-aliquotas-do-iof-apos-decisao-do-stf\/#breadcrumb\",\"itemListElement\":[{\"@type\":\"ListItem\",\"position\":1,\"name\":\"In\u00edcio\",\"item\":\"https:\/\/auditar.com.br\/\"},{\"@type\":\"ListItem\",\"position\":2,\"name\":\"Entenda as Novas Al\u00edquotas do IOF Ap\u00f3s Decis\u00e3o do STF\"}]},{\"@type\":\"WebSite\",\"@id\":\"https:\/\/auditar.com.br\/#website\",\"url\":\"https:\/\/auditar.com.br\/\",\"name\":\"Auditar\",\"description\":\"A Auditar nasceu a partir do sonho de empreendedores com atividades distintas, que somaram sua expertise para fundar uma empresa de assessoria cont\u00e1bil e de auditoria em Itaja\u00ed.\",\"publisher\":{\"@id\":\"https:\/\/auditar.com.br\/#organization\"},\"alternateName\":\"Auditar Contabilidade consultiva S\/S\",\"potentialAction\":[{\"@type\":\"SearchAction\",\"target\":{\"@type\":\"EntryPoint\",\"urlTemplate\":\"https:\/\/auditar.com.br\/?s={search_term_string}\"},\"query-input\":\"required name=search_term_string\"}],\"inLanguage\":\"pt-BR\"},{\"@type\":\"Organization\",\"@id\":\"https:\/\/auditar.com.br\/#organization\",\"name\":\"Auditar\",\"alternateName\":\"Assessoria Empresarial Ltda\",\"url\":\"https:\/\/auditar.com.br\/\",\"logo\":{\"@type\":\"ImageObject\",\"inLanguage\":\"pt-BR\",\"@id\":\"https:\/\/auditar.com.br\/#\/schema\/logo\/image\/\",\"url\":\"https:\/\/auditar.com.br\/wp-content\/uploads\/2023\/06\/logo.svg\",\"contentUrl\":\"https:\/\/auditar.com.br\/wp-content\/uploads\/2023\/06\/logo.svg\",\"width\":67,\"height\":45,\"caption\":\"Auditar\"},\"image\":{\"@id\":\"https:\/\/auditar.com.br\/#\/schema\/logo\/image\/\"},\"sameAs\":[\"https:\/\/www.facebook.com\/auditarassessoriaeauditoria\/\",\"https:\/\/www.instagram.com\/auditar.br\/\",\"https:\/\/br.linkedin.com\/in\/auditar-assessoria-empresarial-a29093169?trk=public_profile_browsemap\"]},{\"@type\":\"Person\",\"@id\":\"https:\/\/auditar.com.br\/#\/schema\/person\/3651e2436d214a9a6bc47d6ea85ac4bb\",\"name\":\"Auditar\",\"image\":{\"@type\":\"ImageObject\",\"inLanguage\":\"pt-BR\",\"@id\":\"https:\/\/auditar.com.br\/#\/schema\/person\/image\/\",\"url\":\"https:\/\/secure.gravatar.com\/avatar\/ce91fd7899b4eddda17f7059620ea091?s=96&d=mm&r=g\",\"contentUrl\":\"https:\/\/secure.gravatar.com\/avatar\/ce91fd7899b4eddda17f7059620ea091?s=96&d=mm&r=g\",\"caption\":\"Auditar\"},\"sameAs\":[\"https:\/\/auditar.com.br\"],\"url\":\"https:\/\/auditar.com.br\/index.php\/author\/auditar-admin\/\"}]}<\/script>\n<!-- \/ Yoast SEO Premium plugin. -->","yoast_head_json":{"title":"Entenda as Novas Al\u00edquotas do IOF Ap\u00f3s Decis\u00e3o do STF - Auditar","robots":{"index":"index","follow":"follow","max-snippet":"max-snippet:-1","max-image-preview":"max-image-preview:large","max-video-preview":"max-video-preview:-1"},"canonical":"https:\/\/auditar.com.br\/index.php\/2025\/07\/22\/entenda-as-novas-aliquotas-do-iof-apos-decisao-do-stf\/","og_locale":"pt_BR","og_type":"article","og_title":"Entenda as Novas Al\u00edquotas do IOF Ap\u00f3s Decis\u00e3o do STF","og_description":"O ministro Alexandre de Moraes restabeleceu quase todo o decreto que elevou o IOF em junho, fazendo voltar as al\u00edquotas anteriores ao dia 25\/06 (exceto o risco sacado). A mudan\u00e7a vale retroativamente a partir de 11 de junho, mas a Receita retomou a cobran\u00e7a apenas em 17\/07. Veja como fica para diferentes opera\u00e7\u00f5es: Impacto no [&hellip;]","og_url":"https:\/\/auditar.com.br\/index.php\/2025\/07\/22\/entenda-as-novas-aliquotas-do-iof-apos-decisao-do-stf\/","og_site_name":"Auditar","article_publisher":"https:\/\/www.facebook.com\/auditarassessoriaeauditoria\/","article_published_time":"2025-07-22T18:17:06+00:00","article_modified_time":"2025-09-29T19:03:05+00:00","og_image":[{"width":1024,"height":683,"url":"https:\/\/auditar.com.br\/wp-content\/uploads\/2025\/07\/ChatGPT-Image-22-de-jul.-de-2025-15_15_41-1024x683.png","type":"image\/png"}],"author":"Auditar","twitter_card":"summary_large_image","twitter_misc":{"Escrito por":"Auditar","Est. tempo de leitura":"2 minutos"},"schema":{"@context":"https:\/\/schema.org","@graph":[{"@type":"Article","@id":"https:\/\/auditar.com.br\/index.php\/2025\/07\/22\/entenda-as-novas-aliquotas-do-iof-apos-decisao-do-stf\/#article","isPartOf":{"@id":"https:\/\/auditar.com.br\/index.php\/2025\/07\/22\/entenda-as-novas-aliquotas-do-iof-apos-decisao-do-stf\/"},"author":{"name":"Auditar","@id":"https:\/\/auditar.com.br\/#\/schema\/person\/3651e2436d214a9a6bc47d6ea85ac4bb"},"headline":"Entenda as Novas Al\u00edquotas do IOF Ap\u00f3s Decis\u00e3o do STF","datePublished":"2025-07-22T18:17:06+00:00","dateModified":"2025-09-29T19:03:05+00:00","mainEntityOfPage":{"@id":"https:\/\/auditar.com.br\/index.php\/2025\/07\/22\/entenda-as-novas-aliquotas-do-iof-apos-decisao-do-stf\/"},"wordCount":322,"commentCount":0,"publisher":{"@id":"https:\/\/auditar.com.br\/#organization"},"articleSection":["Not\u00edcias"],"inLanguage":"pt-BR"},{"@type":"WebPage","@id":"https:\/\/auditar.com.br\/index.php\/2025\/07\/22\/entenda-as-novas-aliquotas-do-iof-apos-decisao-do-stf\/","url":"https:\/\/auditar.com.br\/index.php\/2025\/07\/22\/entenda-as-novas-aliquotas-do-iof-apos-decisao-do-stf\/","name":"Entenda as Novas Al\u00edquotas do IOF Ap\u00f3s Decis\u00e3o do STF - Auditar","isPartOf":{"@id":"https:\/\/auditar.com.br\/#website"},"datePublished":"2025-07-22T18:17:06+00:00","dateModified":"2025-09-29T19:03:05+00:00","breadcrumb":{"@id":"https:\/\/auditar.com.br\/index.php\/2025\/07\/22\/entenda-as-novas-aliquotas-do-iof-apos-decisao-do-stf\/#breadcrumb"},"inLanguage":"pt-BR","potentialAction":[{"@type":"ReadAction","target":["https:\/\/auditar.com.br\/index.php\/2025\/07\/22\/entenda-as-novas-aliquotas-do-iof-apos-decisao-do-stf\/"]}]},{"@type":"BreadcrumbList","@id":"https:\/\/auditar.com.br\/index.php\/2025\/07\/22\/entenda-as-novas-aliquotas-do-iof-apos-decisao-do-stf\/#breadcrumb","itemListElement":[{"@type":"ListItem","position":1,"name":"In\u00edcio","item":"https:\/\/auditar.com.br\/"},{"@type":"ListItem","position":2,"name":"Entenda as Novas Al\u00edquotas do IOF Ap\u00f3s Decis\u00e3o do STF"}]},{"@type":"WebSite","@id":"https:\/\/auditar.com.br\/#website","url":"https:\/\/auditar.com.br\/","name":"Auditar","description":"A Auditar nasceu a partir do sonho de empreendedores com atividades distintas, que somaram sua expertise para fundar uma empresa de assessoria cont\u00e1bil e de auditoria em Itaja\u00ed.","publisher":{"@id":"https:\/\/auditar.com.br\/#organization"},"alternateName":"Auditar Contabilidade consultiva S\/S","potentialAction":[{"@type":"SearchAction","target":{"@type":"EntryPoint","urlTemplate":"https:\/\/auditar.com.br\/?s={search_term_string}"},"query-input":"required name=search_term_string"}],"inLanguage":"pt-BR"},{"@type":"Organization","@id":"https:\/\/auditar.com.br\/#organization","name":"Auditar","alternateName":"Assessoria Empresarial Ltda","url":"https:\/\/auditar.com.br\/","logo":{"@type":"ImageObject","inLanguage":"pt-BR","@id":"https:\/\/auditar.com.br\/#\/schema\/logo\/image\/","url":"https:\/\/auditar.com.br\/wp-content\/uploads\/2023\/06\/logo.svg","contentUrl":"https:\/\/auditar.com.br\/wp-content\/uploads\/2023\/06\/logo.svg","width":67,"height":45,"caption":"Auditar"},"image":{"@id":"https:\/\/auditar.com.br\/#\/schema\/logo\/image\/"},"sameAs":["https:\/\/www.facebook.com\/auditarassessoriaeauditoria\/","https:\/\/www.instagram.com\/auditar.br\/","https:\/\/br.linkedin.com\/in\/auditar-assessoria-empresarial-a29093169?trk=public_profile_browsemap"]},{"@type":"Person","@id":"https:\/\/auditar.com.br\/#\/schema\/person\/3651e2436d214a9a6bc47d6ea85ac4bb","name":"Auditar","image":{"@type":"ImageObject","inLanguage":"pt-BR","@id":"https:\/\/auditar.com.br\/#\/schema\/person\/image\/","url":"https:\/\/secure.gravatar.com\/avatar\/ce91fd7899b4eddda17f7059620ea091?s=96&d=mm&r=g","contentUrl":"https:\/\/secure.gravatar.com\/avatar\/ce91fd7899b4eddda17f7059620ea091?s=96&d=mm&r=g","caption":"Auditar"},"sameAs":["https:\/\/auditar.com.br"],"url":"https:\/\/auditar.com.br\/index.php\/author\/auditar-admin\/"}]}},"_links":{"self":[{"href":"https:\/\/auditar.com.br\/index.php\/wp-json\/wp\/v2\/posts\/369"}],"collection":[{"href":"https:\/\/auditar.com.br\/index.php\/wp-json\/wp\/v2\/posts"}],"about":[{"href":"https:\/\/auditar.com.br\/index.php\/wp-json\/wp\/v2\/types\/post"}],"author":[{"embeddable":true,"href":"https:\/\/auditar.com.br\/index.php\/wp-json\/wp\/v2\/users\/1"}],"replies":[{"embeddable":true,"href":"https:\/\/auditar.com.br\/index.php\/wp-json\/wp\/v2\/comments?post=369"}],"version-history":[{"count":1,"href":"https:\/\/auditar.com.br\/index.php\/wp-json\/wp\/v2\/posts\/369\/revisions"}],"predecessor-version":[{"id":373,"href":"https:\/\/auditar.com.br\/index.php\/wp-json\/wp\/v2\/posts\/369\/revisions\/373"}],"wp:featuredmedia":[{"embeddable":true,"href":"https:\/\/auditar.com.br\/index.php\/wp-json\/wp\/v2\/media\/371"}],"wp:attachment":[{"href":"https:\/\/auditar.com.br\/index.php\/wp-json\/wp\/v2\/media?parent=369"}],"wp:term":[{"taxonomy":"category","embeddable":true,"href":"https:\/\/auditar.com.br\/index.php\/wp-json\/wp\/v2\/categories?post=369"},{"taxonomy":"post_tag","embeddable":true,"href":"https:\/\/auditar.com.br\/index.php\/wp-json\/wp\/v2\/tags?post=369"}],"curies":[{"name":"wp","href":"https:\/\/api.w.org\/{rel}","templated":true}]}}