{"id":374,"date":"2025-08-13T09:08:31","date_gmt":"2025-08-13T12:08:31","guid":{"rendered":"https:\/\/auditar.com.br\/?p=374"},"modified":"2025-09-29T16:02:59","modified_gmt":"2025-09-29T19:02:59","slug":"a-reforma-silenciosa-como-a-mudanca-tributaria-redesenha-o-poder-e-o-futuro-das-cidades-brasileiras","status":"publish","type":"post","link":"https:\/\/auditar.com.br\/index.php\/2025\/08\/13\/a-reforma-silenciosa-como-a-mudanca-tributaria-redesenha-o-poder-e-o-futuro-das-cidades-brasileiras\/","title":{"rendered":"A Reforma Silenciosa: Como a Mudan\u00e7a Tribut\u00e1ria Redesenha o Poder e o Futuro das Cidades Brasileiras"},"content":{"rendered":"<div class=\"wp-block-image\">\n<figure class=\"aligncenter size-full is-resized\"><img fetchpriority=\"high\" decoding=\"async\" width=\"1024\" height=\"1024\" src=\"https:\/\/auditar.com.br\/wp-content\/uploads\/2025\/08\/64a91f2b-8d92-4d1f-a2e4-a30e9f256a0f.png\" alt=\"\" class=\"wp-image-379\" style=\"width:498px;height:auto\" srcset=\"https:\/\/auditar.com.br\/wp-content\/uploads\/2025\/08\/64a91f2b-8d92-4d1f-a2e4-a30e9f256a0f.png 1024w, https:\/\/auditar.com.br\/wp-content\/uploads\/2025\/08\/64a91f2b-8d92-4d1f-a2e4-a30e9f256a0f-300x300.png 300w, https:\/\/auditar.com.br\/wp-content\/uploads\/2025\/08\/64a91f2b-8d92-4d1f-a2e4-a30e9f256a0f-150x150.png 150w, https:\/\/auditar.com.br\/wp-content\/uploads\/2025\/08\/64a91f2b-8d92-4d1f-a2e4-a30e9f256a0f-768x768.png 768w\" sizes=\"(max-width: 1024px) 100vw, 1024px\" \/><\/figure><\/div>\n\n\n<p>Uma mudan\u00e7a monumental est\u00e1 em curso no Brasil \u2014 e ela n\u00e3o acontece nas ruas, mas nas linhas de uma complexa emenda constitucional. A Reforma Tribut\u00e1ria, promulgada em 2023, n\u00e3o \u00e9 apenas um ajuste de contas. \u00c9 o redesenho do poder e do dinheiro como o conhecemos, extinguindo o Imposto Sobre Servi\u00e7os (ISS) \u2014 a principal fonte de receita de mais de 5.500 cidades \u2014 e criando uma nova ordem fiscal centralizada.<\/p>\n\n\n\n<p>Para o cidad\u00e3o comum, isso pode parecer distante. Mas essa transforma\u00e7\u00e3o silenciosa definir\u00e1 a qualidade da escola do seu filho, o asfalto da sua rua e a capacidade da sua cidade de atrair empresas pelas pr\u00f3ximas d\u00e9cadas. Estamos testemunhando o fim de uma era e o in\u00edcio de uma nova e feroz competi\u00e7\u00e3o pelo futuro.<\/p>\n\n\n\n<hr class=\"wp-block-separator has-alpha-channel-opacity\"\/>\n\n\n\n<h2 class=\"wp-block-heading\" id=\"h-o-fim-da-guerra-fiscal-por-que-o-sistema-antigo-ruiu\"><strong>O Fim da \u201cGuerra Fiscal\u201d: Por que o Sistema Antigo Ruiu?<\/strong><\/h2>\n\n\n\n<p>Imagine mais de 5.500 prefeituras, cada uma com sua pr\u00f3pria lei para o mesmo imposto. Esse era o caos do ISS. Por d\u00e9cadas, essa fragmenta\u00e7\u00e3o alimentou a chamada <em>guerra fiscal<\/em>: uma disputa predat\u00f3ria onde cidades ofereciam al\u00edquotas baix\u00edssimas para atrair a sede de grandes empresas.<\/p>\n\n\n\n<p>O resultado? Uma corrida para o fundo do po\u00e7o que gerava instabilidade, beneficiava poucos e criava um ambiente de inseguran\u00e7a jur\u00eddica t\u00e3o grande que o volume de disputas sobre impostos chegou a ultrapassar <strong>75% do PIB<\/strong>. O sistema estava quebrado.<\/p>\n\n\n\n<p>A reforma prop\u00f4s uma solu\u00e7\u00e3o radical: extinguir cinco tributos (PIS, Cofins, IPI, ICMS e ISS) e substitu\u00ed-los por um <strong>IVA-Dual<\/strong>, com o Imposto sobre Bens e Servi\u00e7os (IBS) compartilhado entre estados e munic\u00edpios.<\/p>\n\n\n\n<p>A <strong>regra de ouro<\/strong> do IBS \u00e9 a <strong>tributa\u00e7\u00e3o no destino<\/strong>. Ou seja, o imposto ser\u00e1 pago onde o servi\u00e7o \u00e9 consumido, e n\u00e3o onde a empresa est\u00e1 sediada. Assim, o principal incentivo da guerra fiscal simplesmente desaparece.<\/p>\n\n\n\n<hr class=\"wp-block-separator has-alpha-channel-opacity\"\/>\n\n\n\n<h2 class=\"wp-block-heading\" id=\"h-a-corrida-do-ouro-fiscal-a-batalha-pela-receita-do-futuro\"><strong>A Corrida do Ouro Fiscal: A Batalha pela Receita do Futuro<\/strong><\/h2>\n\n\n\n<p>A transi\u00e7\u00e3o para o novo modelo ser\u00e1 gradual entre 2029 e 2033:<\/p>\n\n\n\n<figure class=\"wp-block-table\"><table><thead><tr><th>Ano<\/th><th>IBS (%)<\/th><th>ICMS\/ISS (%)<\/th><\/tr><\/thead><tbody><tr><td>2029<\/td><td>10<\/td><td>90<\/td><\/tr><tr><td>2030<\/td><td>20<\/td><td>80<\/td><\/tr><tr><td>2031<\/td><td>30<\/td><td>70<\/td><\/tr><tr><td>2032<\/td><td>40<\/td><td>60<\/td><\/tr><tr><td>2033<\/td><td>100<\/td><td>0 (Extinto)<\/td><\/tr><\/tbody><\/table><\/figure>\n\n\n\n<p>A fatia que cada cidade receber\u00e1 do IBS por <strong>50 anos<\/strong> ser\u00e1 calculada com base na arrecada\u00e7\u00e3o m\u00e9dia de ISS entre 2019 e 2026. Isso criou uma verdadeira corrida pela receita: prefeituras est\u00e3o refor\u00e7ando a fiscaliza\u00e7\u00e3o e maximizando arrecada\u00e7\u00f5es agora para garantir um quinh\u00e3o maior no futuro.<\/p>\n\n\n\n<p>Cada real arrecadado hoje \u00e9 um peda\u00e7o permanente do bolo fiscal de amanh\u00e3.<\/p>\n\n\n\n<hr class=\"wp-block-separator has-alpha-channel-opacity\"\/>\n\n\n\n<h2 class=\"wp-block-heading\" id=\"h-o-novo-dono-do-dinheiro-o-comite-gestor\"><strong>O Novo \u201cDono\u201d do Dinheiro: O Comit\u00ea Gestor<\/strong><\/h2>\n\n\n\n<p>A reforma cria o <strong>Comit\u00ea Gestor do IBS (CG-IBS)<\/strong>, sediado em Bras\u00edlia, respons\u00e1vel por arrecadar, processar e distribuir a receita entre estados e munic\u00edpios.<\/p>\n\n\n\n<p>Apesar de descrito como \u00f3rg\u00e3o t\u00e9cnico, seu papel ser\u00e1 profundamente pol\u00edtico: ele poder\u00e1 editar normas e julgar disputas, tornando-se uma esp\u00e9cie de <strong>\u201cquarto poder\u201d<\/strong> das finan\u00e7as locais.<\/p>\n\n\n\n<p>A disputa por seu controle j\u00e1 op\u00f5e a <strong>Frente Nacional de Prefeitos (FNP)<\/strong>, que representa grandes metr\u00f3poles, e a <strong>Confedera\u00e7\u00e3o Nacional de Munic\u00edpios (CNM)<\/strong>, voz das cidades menores.<\/p>\n\n\n\n<hr class=\"wp-block-separator has-alpha-channel-opacity\"\/>\n\n\n\n<h2 class=\"wp-block-heading\" id=\"h-vencedores-e-perdedores-o-novo-mapa-economico\"><strong>Vencedores e Perdedores: O Novo Mapa Econ\u00f4mico<\/strong><\/h2>\n\n\n\n<ul>\n<li><strong>Vencedores<\/strong>: Cerca de <strong>82% dos munic\u00edpios brasileiros<\/strong>, especialmente os mais populosos e consumidores, que antes recebiam pouco por n\u00e3o abrigarem sedes de empresas.<\/li>\n\n\n\n<li><strong>Perdedores<\/strong>: Um grupo seleto de cidades \u201cpara\u00edsos fiscais\u201d, como Barueri (SP), que construiu sua riqueza atraindo grandes corpora\u00e7\u00f5es com ISS baixo. Com a tributa\u00e7\u00e3o no destino, esse modelo se torna invi\u00e1vel.<\/li>\n<\/ul>\n\n\n\n<hr class=\"wp-block-separator has-alpha-channel-opacity\"\/>\n\n\n\n<h2 class=\"wp-block-heading\" id=\"h-o-futuro-da-sua-cidade-competir-com-qualidade-nao-com-imposto\"><strong>O Futuro da Sua Cidade: Competir com Qualidade, N\u00e3o com Imposto<\/strong><\/h2>\n\n\n\n<p>O fim da guerra fiscal significa que a competitividade municipal depender\u00e1 menos de al\u00edquotas e mais da qualidade de vida.<\/p>\n\n\n\n<p>Prefeitos ter\u00e3o de investir em:<\/p>\n\n\n\n<ul>\n<li><strong>Ambiente de neg\u00f3cios<\/strong> mais eficiente<\/li>\n\n\n\n<li><strong>Infraestrutura<\/strong> robusta<\/li>\n\n\n\n<li><strong>Servi\u00e7os p\u00fablicos<\/strong> de qualidade<\/li>\n\n\n\n<li><strong>Educa\u00e7\u00e3o e seguran\u00e7a<\/strong> que atraiam talentos<\/li>\n<\/ul>\n\n\n\n<p>A reforma alinha os incentivos: a prosperidade fiscal vir\u00e1 da boa gest\u00e3o. O futuro premiar\u00e1 as cidades mais bem administradas \u2014 e punir\u00e1 as que ficarem para tr\u00e1s.<\/p>\n","protected":false},"excerpt":{"rendered":"<p>Uma mudan\u00e7a monumental est\u00e1 em curso no Brasil \u2014 e ela n\u00e3o acontece nas ruas, mas nas linhas de uma complexa emenda constitucional. A Reforma Tribut\u00e1ria, promulgada em 2023, n\u00e3o \u00e9 apenas um ajuste de contas. \u00c9 o redesenho do poder e do dinheiro como o conhecemos, extinguindo o Imposto Sobre Servi\u00e7os (ISS) \u2014 a [&hellip;]<\/p>\n","protected":false},"author":1,"featured_media":379,"comment_status":"open","ping_status":"open","sticky":false,"template":"","format":"standard","meta":{"footnotes":""},"categories":[12],"tags":[],"acf":[],"yoast_head":"<!-- This site is optimized with the Yoast SEO Premium plugin v20.8 (Yoast SEO v20.8) - https:\/\/yoast.com\/wordpress\/plugins\/seo\/ -->\n<title>A Reforma Silenciosa: Como a Mudan\u00e7a Tribut\u00e1ria Redesenha o Poder e o Futuro das Cidades Brasileiras - Auditar<\/title>\n<meta name=\"robots\" content=\"index, follow, max-snippet:-1, max-image-preview:large, max-video-preview:-1\" \/>\n<link rel=\"canonical\" href=\"https:\/\/auditar.com.br\/index.php\/2025\/08\/13\/a-reforma-silenciosa-como-a-mudanca-tributaria-redesenha-o-poder-e-o-futuro-das-cidades-brasileiras\/\" \/>\n<meta property=\"og:locale\" content=\"pt_BR\" \/>\n<meta property=\"og:type\" content=\"article\" \/>\n<meta property=\"og:title\" content=\"A Reforma Silenciosa: Como a Mudan\u00e7a Tribut\u00e1ria Redesenha o Poder e o Futuro das Cidades Brasileiras\" \/>\n<meta property=\"og:description\" content=\"Uma mudan\u00e7a monumental est\u00e1 em curso no Brasil \u2014 e ela n\u00e3o acontece nas ruas, mas nas linhas de uma complexa emenda constitucional. A Reforma Tribut\u00e1ria, promulgada em 2023, n\u00e3o \u00e9 apenas um ajuste de contas. \u00c9 o redesenho do poder e do dinheiro como o conhecemos, extinguindo o Imposto Sobre Servi\u00e7os (ISS) \u2014 a [&hellip;]\" \/>\n<meta property=\"og:url\" content=\"https:\/\/auditar.com.br\/index.php\/2025\/08\/13\/a-reforma-silenciosa-como-a-mudanca-tributaria-redesenha-o-poder-e-o-futuro-das-cidades-brasileiras\/\" \/>\n<meta property=\"og:site_name\" content=\"Auditar\" \/>\n<meta property=\"article:publisher\" content=\"https:\/\/www.facebook.com\/auditarassessoriaeauditoria\/\" \/>\n<meta property=\"article:published_time\" content=\"2025-08-13T12:08:31+00:00\" \/>\n<meta property=\"article:modified_time\" content=\"2025-09-29T19:02:59+00:00\" \/>\n<meta property=\"og:image\" content=\"https:\/\/auditar.com.br\/wp-content\/uploads\/2025\/08\/64a91f2b-8d92-4d1f-a2e4-a30e9f256a0f.png\" \/>\n\t<meta property=\"og:image:width\" content=\"1024\" \/>\n\t<meta property=\"og:image:height\" content=\"1024\" \/>\n\t<meta property=\"og:image:type\" content=\"image\/png\" \/>\n<meta name=\"author\" content=\"Auditar\" \/>\n<meta name=\"twitter:card\" content=\"summary_large_image\" \/>\n<meta name=\"twitter:label1\" content=\"Escrito por\" \/>\n\t<meta name=\"twitter:data1\" content=\"Auditar\" \/>\n\t<meta name=\"twitter:label2\" content=\"Est. tempo de leitura\" \/>\n\t<meta name=\"twitter:data2\" content=\"4 minutos\" \/>\n<script type=\"application\/ld+json\" class=\"yoast-schema-graph\">{\"@context\":\"https:\/\/schema.org\",\"@graph\":[{\"@type\":\"Article\",\"@id\":\"https:\/\/auditar.com.br\/index.php\/2025\/08\/13\/a-reforma-silenciosa-como-a-mudanca-tributaria-redesenha-o-poder-e-o-futuro-das-cidades-brasileiras\/#article\",\"isPartOf\":{\"@id\":\"https:\/\/auditar.com.br\/index.php\/2025\/08\/13\/a-reforma-silenciosa-como-a-mudanca-tributaria-redesenha-o-poder-e-o-futuro-das-cidades-brasileiras\/\"},\"author\":{\"name\":\"Auditar\",\"@id\":\"https:\/\/auditar.com.br\/#\/schema\/person\/3651e2436d214a9a6bc47d6ea85ac4bb\"},\"headline\":\"A Reforma Silenciosa: Como a Mudan\u00e7a Tribut\u00e1ria Redesenha o Poder e o Futuro das Cidades Brasileiras\",\"datePublished\":\"2025-08-13T12:08:31+00:00\",\"dateModified\":\"2025-09-29T19:02:59+00:00\",\"mainEntityOfPage\":{\"@id\":\"https:\/\/auditar.com.br\/index.php\/2025\/08\/13\/a-reforma-silenciosa-como-a-mudanca-tributaria-redesenha-o-poder-e-o-futuro-das-cidades-brasileiras\/\"},\"wordCount\":677,\"commentCount\":0,\"publisher\":{\"@id\":\"https:\/\/auditar.com.br\/#organization\"},\"articleSection\":[\"Not\u00edcias\"],\"inLanguage\":\"pt-BR\"},{\"@type\":\"WebPage\",\"@id\":\"https:\/\/auditar.com.br\/index.php\/2025\/08\/13\/a-reforma-silenciosa-como-a-mudanca-tributaria-redesenha-o-poder-e-o-futuro-das-cidades-brasileiras\/\",\"url\":\"https:\/\/auditar.com.br\/index.php\/2025\/08\/13\/a-reforma-silenciosa-como-a-mudanca-tributaria-redesenha-o-poder-e-o-futuro-das-cidades-brasileiras\/\",\"name\":\"A Reforma Silenciosa: Como a Mudan\u00e7a Tribut\u00e1ria Redesenha o Poder e o Futuro das Cidades Brasileiras - Auditar\",\"isPartOf\":{\"@id\":\"https:\/\/auditar.com.br\/#website\"},\"datePublished\":\"2025-08-13T12:08:31+00:00\",\"dateModified\":\"2025-09-29T19:02:59+00:00\",\"breadcrumb\":{\"@id\":\"https:\/\/auditar.com.br\/index.php\/2025\/08\/13\/a-reforma-silenciosa-como-a-mudanca-tributaria-redesenha-o-poder-e-o-futuro-das-cidades-brasileiras\/#breadcrumb\"},\"inLanguage\":\"pt-BR\",\"potentialAction\":[{\"@type\":\"ReadAction\",\"target\":[\"https:\/\/auditar.com.br\/index.php\/2025\/08\/13\/a-reforma-silenciosa-como-a-mudanca-tributaria-redesenha-o-poder-e-o-futuro-das-cidades-brasileiras\/\"]}]},{\"@type\":\"BreadcrumbList\",\"@id\":\"https:\/\/auditar.com.br\/index.php\/2025\/08\/13\/a-reforma-silenciosa-como-a-mudanca-tributaria-redesenha-o-poder-e-o-futuro-das-cidades-brasileiras\/#breadcrumb\",\"itemListElement\":[{\"@type\":\"ListItem\",\"position\":1,\"name\":\"In\u00edcio\",\"item\":\"https:\/\/auditar.com.br\/\"},{\"@type\":\"ListItem\",\"position\":2,\"name\":\"A Reforma Silenciosa: Como a Mudan\u00e7a Tribut\u00e1ria Redesenha o Poder e o Futuro das Cidades Brasileiras\"}]},{\"@type\":\"WebSite\",\"@id\":\"https:\/\/auditar.com.br\/#website\",\"url\":\"https:\/\/auditar.com.br\/\",\"name\":\"Auditar\",\"description\":\"A Auditar nasceu a partir do sonho de empreendedores com atividades distintas, que somaram sua expertise para fundar uma empresa de assessoria cont\u00e1bil e de auditoria em Itaja\u00ed.\",\"publisher\":{\"@id\":\"https:\/\/auditar.com.br\/#organization\"},\"alternateName\":\"Auditar Contabilidade consultiva S\/S\",\"potentialAction\":[{\"@type\":\"SearchAction\",\"target\":{\"@type\":\"EntryPoint\",\"urlTemplate\":\"https:\/\/auditar.com.br\/?s={search_term_string}\"},\"query-input\":\"required name=search_term_string\"}],\"inLanguage\":\"pt-BR\"},{\"@type\":\"Organization\",\"@id\":\"https:\/\/auditar.com.br\/#organization\",\"name\":\"Auditar\",\"alternateName\":\"Assessoria Empresarial Ltda\",\"url\":\"https:\/\/auditar.com.br\/\",\"logo\":{\"@type\":\"ImageObject\",\"inLanguage\":\"pt-BR\",\"@id\":\"https:\/\/auditar.com.br\/#\/schema\/logo\/image\/\",\"url\":\"https:\/\/auditar.com.br\/wp-content\/uploads\/2023\/06\/logo.svg\",\"contentUrl\":\"https:\/\/auditar.com.br\/wp-content\/uploads\/2023\/06\/logo.svg\",\"width\":67,\"height\":45,\"caption\":\"Auditar\"},\"image\":{\"@id\":\"https:\/\/auditar.com.br\/#\/schema\/logo\/image\/\"},\"sameAs\":[\"https:\/\/www.facebook.com\/auditarassessoriaeauditoria\/\",\"https:\/\/www.instagram.com\/auditar.br\/\",\"https:\/\/br.linkedin.com\/in\/auditar-assessoria-empresarial-a29093169?trk=public_profile_browsemap\"]},{\"@type\":\"Person\",\"@id\":\"https:\/\/auditar.com.br\/#\/schema\/person\/3651e2436d214a9a6bc47d6ea85ac4bb\",\"name\":\"Auditar\",\"image\":{\"@type\":\"ImageObject\",\"inLanguage\":\"pt-BR\",\"@id\":\"https:\/\/auditar.com.br\/#\/schema\/person\/image\/\",\"url\":\"https:\/\/secure.gravatar.com\/avatar\/ce91fd7899b4eddda17f7059620ea091?s=96&d=mm&r=g\",\"contentUrl\":\"https:\/\/secure.gravatar.com\/avatar\/ce91fd7899b4eddda17f7059620ea091?s=96&d=mm&r=g\",\"caption\":\"Auditar\"},\"sameAs\":[\"https:\/\/auditar.com.br\"],\"url\":\"https:\/\/auditar.com.br\/index.php\/author\/auditar-admin\/\"}]}<\/script>\n<!-- \/ Yoast SEO Premium plugin. -->","yoast_head_json":{"title":"A Reforma Silenciosa: Como a Mudan\u00e7a Tribut\u00e1ria Redesenha o Poder e o Futuro das Cidades Brasileiras - Auditar","robots":{"index":"index","follow":"follow","max-snippet":"max-snippet:-1","max-image-preview":"max-image-preview:large","max-video-preview":"max-video-preview:-1"},"canonical":"https:\/\/auditar.com.br\/index.php\/2025\/08\/13\/a-reforma-silenciosa-como-a-mudanca-tributaria-redesenha-o-poder-e-o-futuro-das-cidades-brasileiras\/","og_locale":"pt_BR","og_type":"article","og_title":"A Reforma Silenciosa: Como a Mudan\u00e7a Tribut\u00e1ria Redesenha o Poder e o Futuro das Cidades Brasileiras","og_description":"Uma mudan\u00e7a monumental est\u00e1 em curso no Brasil \u2014 e ela n\u00e3o acontece nas ruas, mas nas linhas de uma complexa emenda constitucional. A Reforma Tribut\u00e1ria, promulgada em 2023, n\u00e3o \u00e9 apenas um ajuste de contas. \u00c9 o redesenho do poder e do dinheiro como o conhecemos, extinguindo o Imposto Sobre Servi\u00e7os (ISS) \u2014 a [&hellip;]","og_url":"https:\/\/auditar.com.br\/index.php\/2025\/08\/13\/a-reforma-silenciosa-como-a-mudanca-tributaria-redesenha-o-poder-e-o-futuro-das-cidades-brasileiras\/","og_site_name":"Auditar","article_publisher":"https:\/\/www.facebook.com\/auditarassessoriaeauditoria\/","article_published_time":"2025-08-13T12:08:31+00:00","article_modified_time":"2025-09-29T19:02:59+00:00","og_image":[{"width":1024,"height":1024,"url":"https:\/\/auditar.com.br\/wp-content\/uploads\/2025\/08\/64a91f2b-8d92-4d1f-a2e4-a30e9f256a0f.png","type":"image\/png"}],"author":"Auditar","twitter_card":"summary_large_image","twitter_misc":{"Escrito por":"Auditar","Est. tempo de leitura":"4 minutos"},"schema":{"@context":"https:\/\/schema.org","@graph":[{"@type":"Article","@id":"https:\/\/auditar.com.br\/index.php\/2025\/08\/13\/a-reforma-silenciosa-como-a-mudanca-tributaria-redesenha-o-poder-e-o-futuro-das-cidades-brasileiras\/#article","isPartOf":{"@id":"https:\/\/auditar.com.br\/index.php\/2025\/08\/13\/a-reforma-silenciosa-como-a-mudanca-tributaria-redesenha-o-poder-e-o-futuro-das-cidades-brasileiras\/"},"author":{"name":"Auditar","@id":"https:\/\/auditar.com.br\/#\/schema\/person\/3651e2436d214a9a6bc47d6ea85ac4bb"},"headline":"A Reforma Silenciosa: Como a Mudan\u00e7a Tribut\u00e1ria Redesenha o Poder e o Futuro das Cidades Brasileiras","datePublished":"2025-08-13T12:08:31+00:00","dateModified":"2025-09-29T19:02:59+00:00","mainEntityOfPage":{"@id":"https:\/\/auditar.com.br\/index.php\/2025\/08\/13\/a-reforma-silenciosa-como-a-mudanca-tributaria-redesenha-o-poder-e-o-futuro-das-cidades-brasileiras\/"},"wordCount":677,"commentCount":0,"publisher":{"@id":"https:\/\/auditar.com.br\/#organization"},"articleSection":["Not\u00edcias"],"inLanguage":"pt-BR"},{"@type":"WebPage","@id":"https:\/\/auditar.com.br\/index.php\/2025\/08\/13\/a-reforma-silenciosa-como-a-mudanca-tributaria-redesenha-o-poder-e-o-futuro-das-cidades-brasileiras\/","url":"https:\/\/auditar.com.br\/index.php\/2025\/08\/13\/a-reforma-silenciosa-como-a-mudanca-tributaria-redesenha-o-poder-e-o-futuro-das-cidades-brasileiras\/","name":"A Reforma Silenciosa: Como a Mudan\u00e7a Tribut\u00e1ria Redesenha o Poder e o Futuro das Cidades Brasileiras - Auditar","isPartOf":{"@id":"https:\/\/auditar.com.br\/#website"},"datePublished":"2025-08-13T12:08:31+00:00","dateModified":"2025-09-29T19:02:59+00:00","breadcrumb":{"@id":"https:\/\/auditar.com.br\/index.php\/2025\/08\/13\/a-reforma-silenciosa-como-a-mudanca-tributaria-redesenha-o-poder-e-o-futuro-das-cidades-brasileiras\/#breadcrumb"},"inLanguage":"pt-BR","potentialAction":[{"@type":"ReadAction","target":["https:\/\/auditar.com.br\/index.php\/2025\/08\/13\/a-reforma-silenciosa-como-a-mudanca-tributaria-redesenha-o-poder-e-o-futuro-das-cidades-brasileiras\/"]}]},{"@type":"BreadcrumbList","@id":"https:\/\/auditar.com.br\/index.php\/2025\/08\/13\/a-reforma-silenciosa-como-a-mudanca-tributaria-redesenha-o-poder-e-o-futuro-das-cidades-brasileiras\/#breadcrumb","itemListElement":[{"@type":"ListItem","position":1,"name":"In\u00edcio","item":"https:\/\/auditar.com.br\/"},{"@type":"ListItem","position":2,"name":"A Reforma Silenciosa: Como a Mudan\u00e7a Tribut\u00e1ria Redesenha o Poder e o Futuro das Cidades Brasileiras"}]},{"@type":"WebSite","@id":"https:\/\/auditar.com.br\/#website","url":"https:\/\/auditar.com.br\/","name":"Auditar","description":"A Auditar nasceu a partir do sonho de empreendedores com atividades distintas, que somaram sua expertise para fundar uma empresa de assessoria cont\u00e1bil e de auditoria em Itaja\u00ed.","publisher":{"@id":"https:\/\/auditar.com.br\/#organization"},"alternateName":"Auditar Contabilidade consultiva S\/S","potentialAction":[{"@type":"SearchAction","target":{"@type":"EntryPoint","urlTemplate":"https:\/\/auditar.com.br\/?s={search_term_string}"},"query-input":"required name=search_term_string"}],"inLanguage":"pt-BR"},{"@type":"Organization","@id":"https:\/\/auditar.com.br\/#organization","name":"Auditar","alternateName":"Assessoria Empresarial Ltda","url":"https:\/\/auditar.com.br\/","logo":{"@type":"ImageObject","inLanguage":"pt-BR","@id":"https:\/\/auditar.com.br\/#\/schema\/logo\/image\/","url":"https:\/\/auditar.com.br\/wp-content\/uploads\/2023\/06\/logo.svg","contentUrl":"https:\/\/auditar.com.br\/wp-content\/uploads\/2023\/06\/logo.svg","width":67,"height":45,"caption":"Auditar"},"image":{"@id":"https:\/\/auditar.com.br\/#\/schema\/logo\/image\/"},"sameAs":["https:\/\/www.facebook.com\/auditarassessoriaeauditoria\/","https:\/\/www.instagram.com\/auditar.br\/","https:\/\/br.linkedin.com\/in\/auditar-assessoria-empresarial-a29093169?trk=public_profile_browsemap"]},{"@type":"Person","@id":"https:\/\/auditar.com.br\/#\/schema\/person\/3651e2436d214a9a6bc47d6ea85ac4bb","name":"Auditar","image":{"@type":"ImageObject","inLanguage":"pt-BR","@id":"https:\/\/auditar.com.br\/#\/schema\/person\/image\/","url":"https:\/\/secure.gravatar.com\/avatar\/ce91fd7899b4eddda17f7059620ea091?s=96&d=mm&r=g","contentUrl":"https:\/\/secure.gravatar.com\/avatar\/ce91fd7899b4eddda17f7059620ea091?s=96&d=mm&r=g","caption":"Auditar"},"sameAs":["https:\/\/auditar.com.br"],"url":"https:\/\/auditar.com.br\/index.php\/author\/auditar-admin\/"}]}},"_links":{"self":[{"href":"https:\/\/auditar.com.br\/index.php\/wp-json\/wp\/v2\/posts\/374"}],"collection":[{"href":"https:\/\/auditar.com.br\/index.php\/wp-json\/wp\/v2\/posts"}],"about":[{"href":"https:\/\/auditar.com.br\/index.php\/wp-json\/wp\/v2\/types\/post"}],"author":[{"embeddable":true,"href":"https:\/\/auditar.com.br\/index.php\/wp-json\/wp\/v2\/users\/1"}],"replies":[{"embeddable":true,"href":"https:\/\/auditar.com.br\/index.php\/wp-json\/wp\/v2\/comments?post=374"}],"version-history":[{"count":3,"href":"https:\/\/auditar.com.br\/index.php\/wp-json\/wp\/v2\/posts\/374\/revisions"}],"predecessor-version":[{"id":388,"href":"https:\/\/auditar.com.br\/index.php\/wp-json\/wp\/v2\/posts\/374\/revisions\/388"}],"wp:featuredmedia":[{"embeddable":true,"href":"https:\/\/auditar.com.br\/index.php\/wp-json\/wp\/v2\/media\/379"}],"wp:attachment":[{"href":"https:\/\/auditar.com.br\/index.php\/wp-json\/wp\/v2\/media?parent=374"}],"wp:term":[{"taxonomy":"category","embeddable":true,"href":"https:\/\/auditar.com.br\/index.php\/wp-json\/wp\/v2\/categories?post=374"},{"taxonomy":"post_tag","embeddable":true,"href":"https:\/\/auditar.com.br\/index.php\/wp-json\/wp\/v2\/tags?post=374"}],"curies":[{"name":"wp","href":"https:\/\/api.w.org\/{rel}","templated":true}]}}